{"id":9758,"date":"2024-07-04T11:56:27","date_gmt":"2024-07-04T10:56:27","guid":{"rendered":"https:\/\/itinere.eduvic.coop\/?p=9758"},"modified":"2025-10-06T08:51:18","modified_gmt":"2025-10-06T07:51:18","slug":"entrega-diplomas-acto-clausura-master-terapia-familiar-postgrado-practicas-supervisadas","status":"publish","type":"post","link":"https:\/\/itinere.eduvic.coop\/es\/entrega-diplomas-acto-clausura-master-terapia-familiar-postgrado-practicas-supervisadas\/","title":{"rendered":"Entrega de diplomas y acto de clausura del M\u00e1ster en Terapia Familiar y el Postgrado de Pr\u00e1cticas Supervisadas"},"content":{"rendered":"<div class=\"wpb-content-wrapper\"><p>[vc_row][vc_column][vc_column_text css=&#8221;&#8221;]El 18 de junio vivimos una jornada llena de emoci\u00f3n y orgullo en la escuela Itinere! Celebramos que nuestras alumnas han completado con \u00e9xito el M\u00e1ster en Terapia Familiar y el Posgrado en Pr\u00e1cticas Supervisadas, formaciones que iniciaron el 2021.<\/p>\n<p>Queremos daros las gracias por haber confiado en nosotros y para permitirnos acompa\u00f1aros en este viaje tan importante. Vuestra dedicaci\u00f3n, esfuerzo y pasi\u00f3n son inspiradoras. Gracias para formar parte de la familia Itinere!<!-- notionvc: 446c0eac-2d67-43aa-bf18-073949662b83 --><\/p>\n<p>Enhorabuena a todas por este gran \u00e9xito! Os deseamos unas vacaciones muy merecidas y esperamos que el futuro os lleve muchos m\u00e1s \u00e9xitos y alegr\u00edas.[\/vc_column_text][\/vc_column][\/vc_row]<\/p>\n<\/div>","protected":false},"excerpt":{"rendered":"<p>[vc_row][vc_column][vc_column_text css=&#8221;&#8221;]El 18 de junio vivimos una jornada llena de emoci\u00f3n y orgullo en la escuela Itinere! Celebramos que nuestras alumnas han completado con \u00e9xito el M\u00e1ster en Terapia Familiar y el Posgrado en Pr\u00e1cticas Supervisadas, formaciones que iniciaron el 2021. Queremos daros las gracias por haber confiado en nosotros y para permitirnos acompa\u00f1aros en este viaje tan importante. Vuestra &#8230; <\/p>\n<p class=\"read-more-container\"><a title=\"Entrega de diplomas y acto de clausura del M\u00e1ster en Terapia Familiar y el Postgrado de Pr\u00e1cticas Supervisadas\" class=\"read-more button\" href=\"https:\/\/itinere.eduvic.coop\/es\/entrega-diplomas-acto-clausura-master-terapia-familiar-postgrado-practicas-supervisadas\/#more-9758\" aria-label=\"Leer m\u00e1s sobre Entrega de diplomas y acto de clausura del M\u00e1ster en Terapia Familiar y el Postgrado de Pr\u00e1cticas Supervisadas\">Llegir m\u00e9s<\/a><\/p>\n","protected":false},"author":10,"featured_media":9749,"comment_status":"closed","ping_status":"open","sticky":false,"template":"","format":"standard","meta":{"_acf_changed":false,"footnotes":""},"categories":[147],"tags":[],"class_list":["post-9758","post","type-post","status-publish","format-standard","has-post-thumbnail","hentry","category-noticias","infinite-scroll-item","generate-columns","tablet-grid-50","mobile-grid-100","grid-parent","grid-33"],"acf":[],"yoast_head":"<!-- This site is optimized with the Yoast SEO plugin v27.2 - https:\/\/yoast.com\/product\/yoast-seo-wordpress\/ -->\n<title>Entrega de diplomas y acto de clausura del M\u00e1ster en Terapia Familiar y el Postgrado de Pr\u00e1cticas Supervisadas - EDUVIC \u00b7 Itinere<\/title>\n<meta name=\"description\" content=\"El 18 de junio celebramos que nuestras alumnas han completado el M\u00e1ster en Terapia Familiar y el Posgrado en Pr\u00e1cticas Supervisadas.\" \/>\n<meta name=\"robots\" content=\"index, follow, max-snippet:-1, max-image-preview:large, max-video-preview:-1\" \/>\n<link rel=\"canonical\" href=\"https:\/\/itinere.eduvic.coop\/es\/entrega-diplomas-acto-clausura-master-terapia-familiar-postgrado-practicas-supervisadas\/\" \/>\n<meta property=\"og:locale\" content=\"es_ES\" \/>\n<meta property=\"og:type\" content=\"article\" \/>\n<meta property=\"og:title\" content=\"Entrega de diplomas y acto de clausura del M\u00e1ster en Terapia Familiar y el Postgrado de Pr\u00e1cticas Supervisadas - EDUVIC \u00b7 Itinere\" \/>\n<meta property=\"og:description\" content=\"El 18 de junio celebramos que nuestras alumnas han completado el M\u00e1ster en Terapia Familiar y el Posgrado en Pr\u00e1cticas Supervisadas.\" \/>\n<meta property=\"og:url\" content=\"https:\/\/itinere.eduvic.coop\/es\/entrega-diplomas-acto-clausura-master-terapia-familiar-postgrado-practicas-supervisadas\/\" \/>\n<meta property=\"og:site_name\" content=\"EDUVIC \u00b7 Itinere\" \/>\n<meta property=\"article:published_time\" content=\"2024-07-04T10:56:27+00:00\" \/>\n<meta property=\"article:modified_time\" content=\"2025-10-06T07:51:18+00:00\" \/>\n<meta property=\"og:image\" content=\"https:\/\/itinere.eduvic.coop\/wp-content\/uploads\/2024\/07\/WhatsApp-Image-2024-07-04-at-12.36.07.jpeg\" \/>\n\t<meta property=\"og:image:width\" content=\"1600\" \/>\n\t<meta property=\"og:image:height\" content=\"1200\" \/>\n\t<meta property=\"og:image:type\" content=\"image\/jpeg\" \/>\n<meta name=\"author\" content=\"Silvia Casas\" \/>\n<meta name=\"twitter:card\" content=\"summary_large_image\" \/>\n<meta name=\"twitter:label1\" content=\"Escrito por\" \/>\n\t<meta name=\"twitter:data1\" content=\"Silvia Casas\" \/>\n\t<meta name=\"twitter:label2\" content=\"Tiempo de lectura\" \/>\n\t<meta name=\"twitter:data2\" content=\"1 minuto\" \/>\n<script type=\"application\/ld+json\" class=\"yoast-schema-graph\">{\"@context\":\"https:\/\/schema.org\",\"@graph\":[{\"@type\":\"Article\",\"@id\":\"https:\/\/itinere.eduvic.coop\/es\/entrega-diplomas-acto-clausura-master-terapia-familiar-postgrado-practicas-supervisadas\/#article\",\"isPartOf\":{\"@id\":\"https:\/\/itinere.eduvic.coop\/es\/entrega-diplomas-acto-clausura-master-terapia-familiar-postgrado-practicas-supervisadas\/\"},\"author\":{\"name\":\"Silvia Casas\",\"@id\":\"https:\/\/itinere.eduvic.coop\/es\/#\/schema\/person\/8dafe1182ae1661da2efe3dcf5fd7dc1\"},\"headline\":\"Entrega de diplomas y acto de clausura del M\u00e1ster en Terapia Familiar y el Postgrado de Pr\u00e1cticas Supervisadas\",\"datePublished\":\"2024-07-04T10:56:27+00:00\",\"dateModified\":\"2025-10-06T07:51:18+00:00\",\"mainEntityOfPage\":{\"@id\":\"https:\/\/itinere.eduvic.coop\/es\/entrega-diplomas-acto-clausura-master-terapia-familiar-postgrado-practicas-supervisadas\/\"},\"wordCount\":139,\"publisher\":{\"@id\":\"https:\/\/itinere.eduvic.coop\/es\/#organization\"},\"image\":{\"@id\":\"https:\/\/itinere.eduvic.coop\/es\/entrega-diplomas-acto-clausura-master-terapia-familiar-postgrado-practicas-supervisadas\/#primaryimage\"},\"thumbnailUrl\":\"https:\/\/itinere.eduvic.coop\/wp-content\/uploads\/2024\/07\/WhatsApp-Image-2024-07-04-at-12.36.07.jpeg\",\"articleSection\":[\"Noticias\"],\"inLanguage\":\"es\"},{\"@type\":\"WebPage\",\"@id\":\"https:\/\/itinere.eduvic.coop\/es\/entrega-diplomas-acto-clausura-master-terapia-familiar-postgrado-practicas-supervisadas\/\",\"url\":\"https:\/\/itinere.eduvic.coop\/es\/entrega-diplomas-acto-clausura-master-terapia-familiar-postgrado-practicas-supervisadas\/\",\"name\":\"Entrega de diplomas y acto de clausura del M\u00e1ster en Terapia Familiar y el Postgrado de Pr\u00e1cticas Supervisadas - EDUVIC \u00b7 Itinere\",\"isPartOf\":{\"@id\":\"https:\/\/itinere.eduvic.coop\/es\/#website\"},\"primaryImageOfPage\":{\"@id\":\"https:\/\/itinere.eduvic.coop\/es\/entrega-diplomas-acto-clausura-master-terapia-familiar-postgrado-practicas-supervisadas\/#primaryimage\"},\"image\":{\"@id\":\"https:\/\/itinere.eduvic.coop\/es\/entrega-diplomas-acto-clausura-master-terapia-familiar-postgrado-practicas-supervisadas\/#primaryimage\"},\"thumbnailUrl\":\"https:\/\/itinere.eduvic.coop\/wp-content\/uploads\/2024\/07\/WhatsApp-Image-2024-07-04-at-12.36.07.jpeg\",\"datePublished\":\"2024-07-04T10:56:27+00:00\",\"dateModified\":\"2025-10-06T07:51:18+00:00\",\"description\":\"El 18 de junio celebramos que nuestras alumnas han completado el M\u00e1ster en Terapia Familiar y el Posgrado en Pr\u00e1cticas Supervisadas.\",\"breadcrumb\":{\"@id\":\"https:\/\/itinere.eduvic.coop\/es\/entrega-diplomas-acto-clausura-master-terapia-familiar-postgrado-practicas-supervisadas\/#breadcrumb\"},\"inLanguage\":\"es\",\"potentialAction\":[{\"@type\":\"ReadAction\",\"target\":[\"https:\/\/itinere.eduvic.coop\/es\/entrega-diplomas-acto-clausura-master-terapia-familiar-postgrado-practicas-supervisadas\/\"]}]},{\"@type\":\"ImageObject\",\"inLanguage\":\"es\",\"@id\":\"https:\/\/itinere.eduvic.coop\/es\/entrega-diplomas-acto-clausura-master-terapia-familiar-postgrado-practicas-supervisadas\/#primaryimage\",\"url\":\"https:\/\/itinere.eduvic.coop\/wp-content\/uploads\/2024\/07\/WhatsApp-Image-2024-07-04-at-12.36.07.jpeg\",\"contentUrl\":\"https:\/\/itinere.eduvic.coop\/wp-content\/uploads\/2024\/07\/WhatsApp-Image-2024-07-04-at-12.36.07.jpeg\",\"width\":1600,\"height\":1200},{\"@type\":\"BreadcrumbList\",\"@id\":\"https:\/\/itinere.eduvic.coop\/es\/entrega-diplomas-acto-clausura-master-terapia-familiar-postgrado-practicas-supervisadas\/#breadcrumb\",\"itemListElement\":[{\"@type\":\"ListItem\",\"position\":1,\"name\":\"Inici\",\"item\":\"https:\/\/itinere.eduvic.coop\/es\/\"},{\"@type\":\"ListItem\",\"position\":2,\"name\":\"Entrega de diplomas y acto de clausura del M\u00e1ster en Terapia Familiar y el Postgrado de Pr\u00e1cticas Supervisadas\"}]},{\"@type\":\"WebSite\",\"@id\":\"https:\/\/itinere.eduvic.coop\/es\/#website\",\"url\":\"https:\/\/itinere.eduvic.coop\/es\/\",\"name\":\"EDUVIC \u00b7 Itinere\",\"description\":\"\",\"publisher\":{\"@id\":\"https:\/\/itinere.eduvic.coop\/es\/#organization\"},\"potentialAction\":[{\"@type\":\"SearchAction\",\"target\":{\"@type\":\"EntryPoint\",\"urlTemplate\":\"https:\/\/itinere.eduvic.coop\/es\/?s={search_term_string}\"},\"query-input\":{\"@type\":\"PropertyValueSpecification\",\"valueRequired\":true,\"valueName\":\"search_term_string\"}}],\"inLanguage\":\"es\"},{\"@type\":\"Organization\",\"@id\":\"https:\/\/itinere.eduvic.coop\/es\/#organization\",\"name\":\"EDUVIC \u00b7 Itinere\",\"url\":\"https:\/\/itinere.eduvic.coop\/es\/\",\"logo\":{\"@type\":\"ImageObject\",\"inLanguage\":\"es\",\"@id\":\"https:\/\/itinere.eduvic.coop\/es\/#\/schema\/logo\/image\/\",\"url\":\"https:\/\/itinere.eduvic.coop\/wp-content\/uploads\/2024\/04\/EDUVIC-ITINERE-2024.png\",\"contentUrl\":\"https:\/\/itinere.eduvic.coop\/wp-content\/uploads\/2024\/04\/EDUVIC-ITINERE-2024.png\",\"width\":5486,\"height\":2647,\"caption\":\"EDUVIC \u00b7 Itinere\"},\"image\":{\"@id\":\"https:\/\/itinere.eduvic.coop\/es\/#\/schema\/logo\/image\/\"},\"sameAs\":[\"https:\/\/www.instagram.com\/eduvic.itinere\/\",\"https:\/\/www.linkedin.com\/company\/82385485\/admin\/feed\/posts\/\"]},{\"@type\":\"Person\",\"@id\":\"https:\/\/itinere.eduvic.coop\/es\/#\/schema\/person\/8dafe1182ae1661da2efe3dcf5fd7dc1\",\"name\":\"Silvia Casas\",\"image\":{\"@type\":\"ImageObject\",\"inLanguage\":\"es\",\"@id\":\"https:\/\/secure.gravatar.com\/avatar\/8e8e70922b3eb0f7b3a82f554836f41cd913c4d7d6d3d803b163e0b17980eefb?s=96&d=mm&r=g\",\"url\":\"https:\/\/secure.gravatar.com\/avatar\/8e8e70922b3eb0f7b3a82f554836f41cd913c4d7d6d3d803b163e0b17980eefb?s=96&d=mm&r=g\",\"contentUrl\":\"https:\/\/secure.gravatar.com\/avatar\/8e8e70922b3eb0f7b3a82f554836f41cd913c4d7d6d3d803b163e0b17980eefb?s=96&d=mm&r=g\",\"caption\":\"Silvia Casas\"}}]}<\/script>\n<!-- \/ Yoast SEO plugin. -->","yoast_head_json":{"title":"Entrega de diplomas y acto de clausura del M\u00e1ster en Terapia Familiar y el Postgrado de Pr\u00e1cticas Supervisadas - EDUVIC \u00b7 Itinere","description":"El 18 de junio celebramos que nuestras alumnas han completado el M\u00e1ster en Terapia Familiar y el Posgrado en Pr\u00e1cticas Supervisadas.","robots":{"index":"index","follow":"follow","max-snippet":"max-snippet:-1","max-image-preview":"max-image-preview:large","max-video-preview":"max-video-preview:-1"},"canonical":"https:\/\/itinere.eduvic.coop\/es\/entrega-diplomas-acto-clausura-master-terapia-familiar-postgrado-practicas-supervisadas\/","og_locale":"es_ES","og_type":"article","og_title":"Entrega de diplomas y acto de clausura del M\u00e1ster en Terapia Familiar y el Postgrado de Pr\u00e1cticas Supervisadas - EDUVIC \u00b7 Itinere","og_description":"El 18 de junio celebramos que nuestras alumnas han completado el M\u00e1ster en Terapia Familiar y el Posgrado en Pr\u00e1cticas Supervisadas.","og_url":"https:\/\/itinere.eduvic.coop\/es\/entrega-diplomas-acto-clausura-master-terapia-familiar-postgrado-practicas-supervisadas\/","og_site_name":"EDUVIC \u00b7 Itinere","article_published_time":"2024-07-04T10:56:27+00:00","article_modified_time":"2025-10-06T07:51:18+00:00","og_image":[{"width":1600,"height":1200,"url":"https:\/\/itinere.eduvic.coop\/wp-content\/uploads\/2024\/07\/WhatsApp-Image-2024-07-04-at-12.36.07.jpeg","type":"image\/jpeg"}],"author":"Silvia Casas","twitter_card":"summary_large_image","twitter_misc":{"Escrito por":"Silvia Casas","Tiempo de lectura":"1 minuto"},"schema":{"@context":"https:\/\/schema.org","@graph":[{"@type":"Article","@id":"https:\/\/itinere.eduvic.coop\/es\/entrega-diplomas-acto-clausura-master-terapia-familiar-postgrado-practicas-supervisadas\/#article","isPartOf":{"@id":"https:\/\/itinere.eduvic.coop\/es\/entrega-diplomas-acto-clausura-master-terapia-familiar-postgrado-practicas-supervisadas\/"},"author":{"name":"Silvia Casas","@id":"https:\/\/itinere.eduvic.coop\/es\/#\/schema\/person\/8dafe1182ae1661da2efe3dcf5fd7dc1"},"headline":"Entrega de diplomas y acto de clausura del M\u00e1ster en Terapia Familiar y el Postgrado de Pr\u00e1cticas Supervisadas","datePublished":"2024-07-04T10:56:27+00:00","dateModified":"2025-10-06T07:51:18+00:00","mainEntityOfPage":{"@id":"https:\/\/itinere.eduvic.coop\/es\/entrega-diplomas-acto-clausura-master-terapia-familiar-postgrado-practicas-supervisadas\/"},"wordCount":139,"publisher":{"@id":"https:\/\/itinere.eduvic.coop\/es\/#organization"},"image":{"@id":"https:\/\/itinere.eduvic.coop\/es\/entrega-diplomas-acto-clausura-master-terapia-familiar-postgrado-practicas-supervisadas\/#primaryimage"},"thumbnailUrl":"https:\/\/itinere.eduvic.coop\/wp-content\/uploads\/2024\/07\/WhatsApp-Image-2024-07-04-at-12.36.07.jpeg","articleSection":["Noticias"],"inLanguage":"es"},{"@type":"WebPage","@id":"https:\/\/itinere.eduvic.coop\/es\/entrega-diplomas-acto-clausura-master-terapia-familiar-postgrado-practicas-supervisadas\/","url":"https:\/\/itinere.eduvic.coop\/es\/entrega-diplomas-acto-clausura-master-terapia-familiar-postgrado-practicas-supervisadas\/","name":"Entrega de diplomas y acto de clausura del M\u00e1ster en Terapia Familiar y el Postgrado de Pr\u00e1cticas Supervisadas - EDUVIC \u00b7 Itinere","isPartOf":{"@id":"https:\/\/itinere.eduvic.coop\/es\/#website"},"primaryImageOfPage":{"@id":"https:\/\/itinere.eduvic.coop\/es\/entrega-diplomas-acto-clausura-master-terapia-familiar-postgrado-practicas-supervisadas\/#primaryimage"},"image":{"@id":"https:\/\/itinere.eduvic.coop\/es\/entrega-diplomas-acto-clausura-master-terapia-familiar-postgrado-practicas-supervisadas\/#primaryimage"},"thumbnailUrl":"https:\/\/itinere.eduvic.coop\/wp-content\/uploads\/2024\/07\/WhatsApp-Image-2024-07-04-at-12.36.07.jpeg","datePublished":"2024-07-04T10:56:27+00:00","dateModified":"2025-10-06T07:51:18+00:00","description":"El 18 de junio celebramos que nuestras alumnas han completado el M\u00e1ster en Terapia Familiar y el Posgrado en Pr\u00e1cticas Supervisadas.","breadcrumb":{"@id":"https:\/\/itinere.eduvic.coop\/es\/entrega-diplomas-acto-clausura-master-terapia-familiar-postgrado-practicas-supervisadas\/#breadcrumb"},"inLanguage":"es","potentialAction":[{"@type":"ReadAction","target":["https:\/\/itinere.eduvic.coop\/es\/entrega-diplomas-acto-clausura-master-terapia-familiar-postgrado-practicas-supervisadas\/"]}]},{"@type":"ImageObject","inLanguage":"es","@id":"https:\/\/itinere.eduvic.coop\/es\/entrega-diplomas-acto-clausura-master-terapia-familiar-postgrado-practicas-supervisadas\/#primaryimage","url":"https:\/\/itinere.eduvic.coop\/wp-content\/uploads\/2024\/07\/WhatsApp-Image-2024-07-04-at-12.36.07.jpeg","contentUrl":"https:\/\/itinere.eduvic.coop\/wp-content\/uploads\/2024\/07\/WhatsApp-Image-2024-07-04-at-12.36.07.jpeg","width":1600,"height":1200},{"@type":"BreadcrumbList","@id":"https:\/\/itinere.eduvic.coop\/es\/entrega-diplomas-acto-clausura-master-terapia-familiar-postgrado-practicas-supervisadas\/#breadcrumb","itemListElement":[{"@type":"ListItem","position":1,"name":"Inici","item":"https:\/\/itinere.eduvic.coop\/es\/"},{"@type":"ListItem","position":2,"name":"Entrega de diplomas y acto de clausura del M\u00e1ster en Terapia Familiar y el Postgrado de Pr\u00e1cticas Supervisadas"}]},{"@type":"WebSite","@id":"https:\/\/itinere.eduvic.coop\/es\/#website","url":"https:\/\/itinere.eduvic.coop\/es\/","name":"EDUVIC \u00b7 Itinere","description":"","publisher":{"@id":"https:\/\/itinere.eduvic.coop\/es\/#organization"},"potentialAction":[{"@type":"SearchAction","target":{"@type":"EntryPoint","urlTemplate":"https:\/\/itinere.eduvic.coop\/es\/?s={search_term_string}"},"query-input":{"@type":"PropertyValueSpecification","valueRequired":true,"valueName":"search_term_string"}}],"inLanguage":"es"},{"@type":"Organization","@id":"https:\/\/itinere.eduvic.coop\/es\/#organization","name":"EDUVIC \u00b7 Itinere","url":"https:\/\/itinere.eduvic.coop\/es\/","logo":{"@type":"ImageObject","inLanguage":"es","@id":"https:\/\/itinere.eduvic.coop\/es\/#\/schema\/logo\/image\/","url":"https:\/\/itinere.eduvic.coop\/wp-content\/uploads\/2024\/04\/EDUVIC-ITINERE-2024.png","contentUrl":"https:\/\/itinere.eduvic.coop\/wp-content\/uploads\/2024\/04\/EDUVIC-ITINERE-2024.png","width":5486,"height":2647,"caption":"EDUVIC \u00b7 Itinere"},"image":{"@id":"https:\/\/itinere.eduvic.coop\/es\/#\/schema\/logo\/image\/"},"sameAs":["https:\/\/www.instagram.com\/eduvic.itinere\/","https:\/\/www.linkedin.com\/company\/82385485\/admin\/feed\/posts\/"]},{"@type":"Person","@id":"https:\/\/itinere.eduvic.coop\/es\/#\/schema\/person\/8dafe1182ae1661da2efe3dcf5fd7dc1","name":"Silvia Casas","image":{"@type":"ImageObject","inLanguage":"es","@id":"https:\/\/secure.gravatar.com\/avatar\/8e8e70922b3eb0f7b3a82f554836f41cd913c4d7d6d3d803b163e0b17980eefb?s=96&d=mm&r=g","url":"https:\/\/secure.gravatar.com\/avatar\/8e8e70922b3eb0f7b3a82f554836f41cd913c4d7d6d3d803b163e0b17980eefb?s=96&d=mm&r=g","contentUrl":"https:\/\/secure.gravatar.com\/avatar\/8e8e70922b3eb0f7b3a82f554836f41cd913c4d7d6d3d803b163e0b17980eefb?s=96&d=mm&r=g","caption":"Silvia Casas"}}]}},"_links":{"self":[{"href":"https:\/\/itinere.eduvic.coop\/es\/wp-json\/wp\/v2\/posts\/9758","targetHints":{"allow":["GET"]}}],"collection":[{"href":"https:\/\/itinere.eduvic.coop\/es\/wp-json\/wp\/v2\/posts"}],"about":[{"href":"https:\/\/itinere.eduvic.coop\/es\/wp-json\/wp\/v2\/types\/post"}],"author":[{"embeddable":true,"href":"https:\/\/itinere.eduvic.coop\/es\/wp-json\/wp\/v2\/users\/10"}],"replies":[{"embeddable":true,"href":"https:\/\/itinere.eduvic.coop\/es\/wp-json\/wp\/v2\/comments?post=9758"}],"version-history":[{"count":3,"href":"https:\/\/itinere.eduvic.coop\/es\/wp-json\/wp\/v2\/posts\/9758\/revisions"}],"predecessor-version":[{"id":10953,"href":"https:\/\/itinere.eduvic.coop\/es\/wp-json\/wp\/v2\/posts\/9758\/revisions\/10953"}],"wp:featuredmedia":[{"embeddable":true,"href":"https:\/\/itinere.eduvic.coop\/es\/wp-json\/wp\/v2\/media\/9749"}],"wp:attachment":[{"href":"https:\/\/itinere.eduvic.coop\/es\/wp-json\/wp\/v2\/media?parent=9758"}],"wp:term":[{"taxonomy":"category","embeddable":true,"href":"https:\/\/itinere.eduvic.coop\/es\/wp-json\/wp\/v2\/categories?post=9758"},{"taxonomy":"post_tag","embeddable":true,"href":"https:\/\/itinere.eduvic.coop\/es\/wp-json\/wp\/v2\/tags?post=9758"}],"curies":[{"name":"wp","href":"https:\/\/api.w.org\/{rel}","templated":true}]}}