{"id":9755,"date":"2024-07-04T11:51:16","date_gmt":"2024-07-04T10:51:16","guid":{"rendered":"https:\/\/itinere.eduvic.coop\/?p=9755"},"modified":"2025-10-06T09:40:24","modified_gmt":"2025-10-06T08:40:24","slug":"proyectos-final-master-terapia-familiar-socioeducativa","status":"publish","type":"post","link":"https:\/\/itinere.eduvic.coop\/es\/proyectos-final-master-terapia-familiar-socioeducativa\/","title":{"rendered":"Actos de presentaci\u00f3n de Proyectos de Final de M\u00e1ster de Terapia Familiar Socioeducativa"},"content":{"rendered":"<div class=\"wpb-content-wrapper\"><p>[vc_row][vc_column][vc_column_text css=&#8221;&#8221;]El pasado mas de junio, tuvieron lugar los <strong>actos de presentaci\u00f3n de los Proyectos de Final de M\u00e1ster de Terapia Familiar Socioeducativa<\/strong>. Con ilusi\u00f3n y el entusiasmo, los y las alumnas expuso sus trabajos despu\u00e9s de horas de dedicaci\u00f3n y esfuerzo. Las presentaciones, que destacaron por su gran <strong>calidad y diversidad<\/strong>, abordaron una variedad de \u00e1mbitos y problem\u00e1ticas, ofreciendo a los tutores, tutoras y al resto alumnos la oportunidad de obtener nuevos conocimientos.<\/p>\n<p>Pero todo este aprendizaje no queda aqu\u00ed. Nos complace anunciar que, a lo largo del curso pr\u00f3ximo, <strong>iremos publicando algunos de los trabajos<\/strong> hechos por las personas participantes en el m\u00e1ster con una <strong>periodicidad aproximadamente quincenal<\/strong>. As\u00ed podremos dar visibilidad al trabajo y a las reflexiones de los nuevos y nuevas terapeutas familiares, as\u00ed como compartir conocimientos y recursos con toda la comunidad educativa y profesional.<\/p>\n<p>Estos proyectos son un orgullo para EDUVIC \u00b7 Itinere, y esperamos que esta iniciativa sirva para fortalecer los v\u00ednculos entre profesionales y para continuar promoviendo la calidad y la innovaci\u00f3n en el \u00e1mbito de la terapia familiar socioeducativa.<\/p>\n<p>Enhorabuena a todo el alumnado participando y os animamos a seguirnos en esta nueva etapa llena de aprendizajes y nueces retes![\/vc_column_text][\/vc_column][\/vc_row]<\/p>\n<\/div>","protected":false},"excerpt":{"rendered":"<p>[vc_row][vc_column][vc_column_text css=&#8221;&#8221;]El pasado mas de junio, tuvieron lugar los actos de presentaci\u00f3n de los Proyectos de Final de M\u00e1ster de Terapia Familiar Socioeducativa. Con ilusi\u00f3n y el entusiasmo, los y las alumnas expuso sus trabajos despu\u00e9s de horas de dedicaci\u00f3n y esfuerzo. Las presentaciones, que destacaron por su gran calidad y diversidad, abordaron una variedad de \u00e1mbitos y problem\u00e1ticas, ofreciendo &#8230; <\/p>\n<p class=\"read-more-container\"><a title=\"Actos de presentaci\u00f3n de Proyectos de Final de M\u00e1ster de Terapia Familiar Socioeducativa\" class=\"read-more button\" href=\"https:\/\/itinere.eduvic.coop\/es\/proyectos-final-master-terapia-familiar-socioeducativa\/#more-9755\" aria-label=\"Leer m\u00e1s sobre Actos de presentaci\u00f3n de Proyectos de Final de M\u00e1ster de Terapia Familiar Socioeducativa\">Llegir m\u00e9s<\/a><\/p>\n","protected":false},"author":10,"featured_media":9754,"comment_status":"closed","ping_status":"open","sticky":false,"template":"","format":"standard","meta":{"_acf_changed":false,"footnotes":""},"categories":[147],"tags":[],"class_list":["post-9755","post","type-post","status-publish","format-standard","has-post-thumbnail","hentry","category-noticias","infinite-scroll-item","generate-columns","tablet-grid-50","mobile-grid-100","grid-parent","grid-33"],"acf":[],"yoast_head":"<!-- This site is optimized with the Yoast SEO plugin v27.2 - https:\/\/yoast.com\/product\/yoast-seo-wordpress\/ -->\n<title>Actos de presentaci\u00f3n de Proyectos de Final de M\u00e1ster de Terapia Familiar Socioeducativa - EDUVIC \u00b7 Itinere<\/title>\n<meta name=\"description\" content=\"El pasado mas de junio, tuvieron lugar los actos de presentaci\u00f3n de los Proyectos de Final de M\u00e1ster de Terapia Familiar Socioeducativa.\" \/>\n<meta name=\"robots\" content=\"index, follow, max-snippet:-1, max-image-preview:large, max-video-preview:-1\" \/>\n<link rel=\"canonical\" href=\"https:\/\/itinere.eduvic.coop\/es\/proyectos-final-master-terapia-familiar-socioeducativa\/\" \/>\n<meta property=\"og:locale\" content=\"es_ES\" \/>\n<meta property=\"og:type\" content=\"article\" \/>\n<meta property=\"og:title\" content=\"Actos de presentaci\u00f3n de Proyectos de Final de M\u00e1ster de Terapia Familiar Socioeducativa - EDUVIC \u00b7 Itinere\" \/>\n<meta property=\"og:description\" content=\"El pasado mas de junio, tuvieron lugar los actos de presentaci\u00f3n de los Proyectos de Final de M\u00e1ster de Terapia Familiar Socioeducativa.\" \/>\n<meta property=\"og:url\" content=\"https:\/\/itinere.eduvic.coop\/es\/proyectos-final-master-terapia-familiar-socioeducativa\/\" \/>\n<meta property=\"og:site_name\" content=\"EDUVIC \u00b7 Itinere\" \/>\n<meta property=\"article:published_time\" content=\"2024-07-04T10:51:16+00:00\" \/>\n<meta property=\"article:modified_time\" content=\"2025-10-06T08:40:24+00:00\" \/>\n<meta property=\"og:image\" content=\"https:\/\/itinere.eduvic.coop\/wp-content\/uploads\/2024\/07\/Captura-presentacio-treballs-online-1024x574.png\" \/>\n\t<meta property=\"og:image:width\" content=\"1024\" \/>\n\t<meta property=\"og:image:height\" content=\"574\" \/>\n\t<meta property=\"og:image:type\" content=\"image\/png\" \/>\n<meta name=\"author\" content=\"Silvia Casas\" \/>\n<meta name=\"twitter:card\" content=\"summary_large_image\" \/>\n<meta name=\"twitter:label1\" content=\"Escrito por\" \/>\n\t<meta name=\"twitter:data1\" content=\"Silvia Casas\" \/>\n\t<meta name=\"twitter:label2\" content=\"Tiempo de lectura\" \/>\n\t<meta name=\"twitter:data2\" content=\"2 minutos\" \/>\n<script type=\"application\/ld+json\" class=\"yoast-schema-graph\">{\"@context\":\"https:\/\/schema.org\",\"@graph\":[{\"@type\":\"Article\",\"@id\":\"https:\/\/itinere.eduvic.coop\/es\/proyectos-final-master-terapia-familiar-socioeducativa\/#article\",\"isPartOf\":{\"@id\":\"https:\/\/itinere.eduvic.coop\/es\/proyectos-final-master-terapia-familiar-socioeducativa\/\"},\"author\":{\"name\":\"Silvia Casas\",\"@id\":\"https:\/\/itinere.eduvic.coop\/es\/#\/schema\/person\/8dafe1182ae1661da2efe3dcf5fd7dc1\"},\"headline\":\"Actos de presentaci\u00f3n de Proyectos de Final de M\u00e1ster de Terapia Familiar Socioeducativa\",\"datePublished\":\"2024-07-04T10:51:16+00:00\",\"dateModified\":\"2025-10-06T08:40:24+00:00\",\"mainEntityOfPage\":{\"@id\":\"https:\/\/itinere.eduvic.coop\/es\/proyectos-final-master-terapia-familiar-socioeducativa\/\"},\"wordCount\":237,\"publisher\":{\"@id\":\"https:\/\/itinere.eduvic.coop\/es\/#organization\"},\"image\":{\"@id\":\"https:\/\/itinere.eduvic.coop\/es\/proyectos-final-master-terapia-familiar-socioeducativa\/#primaryimage\"},\"thumbnailUrl\":\"https:\/\/itinere.eduvic.coop\/wp-content\/uploads\/2024\/07\/Captura-presentacio-treballs-online.png\",\"articleSection\":[\"Noticias\"],\"inLanguage\":\"es\"},{\"@type\":\"WebPage\",\"@id\":\"https:\/\/itinere.eduvic.coop\/es\/proyectos-final-master-terapia-familiar-socioeducativa\/\",\"url\":\"https:\/\/itinere.eduvic.coop\/es\/proyectos-final-master-terapia-familiar-socioeducativa\/\",\"name\":\"Actos de presentaci\u00f3n de Proyectos de Final de M\u00e1ster de Terapia Familiar Socioeducativa - EDUVIC \u00b7 Itinere\",\"isPartOf\":{\"@id\":\"https:\/\/itinere.eduvic.coop\/es\/#website\"},\"primaryImageOfPage\":{\"@id\":\"https:\/\/itinere.eduvic.coop\/es\/proyectos-final-master-terapia-familiar-socioeducativa\/#primaryimage\"},\"image\":{\"@id\":\"https:\/\/itinere.eduvic.coop\/es\/proyectos-final-master-terapia-familiar-socioeducativa\/#primaryimage\"},\"thumbnailUrl\":\"https:\/\/itinere.eduvic.coop\/wp-content\/uploads\/2024\/07\/Captura-presentacio-treballs-online.png\",\"datePublished\":\"2024-07-04T10:51:16+00:00\",\"dateModified\":\"2025-10-06T08:40:24+00:00\",\"description\":\"El pasado mas de junio, tuvieron lugar los actos de presentaci\u00f3n de los Proyectos de Final de M\u00e1ster de Terapia Familiar Socioeducativa.\",\"breadcrumb\":{\"@id\":\"https:\/\/itinere.eduvic.coop\/es\/proyectos-final-master-terapia-familiar-socioeducativa\/#breadcrumb\"},\"inLanguage\":\"es\",\"potentialAction\":[{\"@type\":\"ReadAction\",\"target\":[\"https:\/\/itinere.eduvic.coop\/es\/proyectos-final-master-terapia-familiar-socioeducativa\/\"]}]},{\"@type\":\"ImageObject\",\"inLanguage\":\"es\",\"@id\":\"https:\/\/itinere.eduvic.coop\/es\/proyectos-final-master-terapia-familiar-socioeducativa\/#primaryimage\",\"url\":\"https:\/\/itinere.eduvic.coop\/wp-content\/uploads\/2024\/07\/Captura-presentacio-treballs-online.png\",\"contentUrl\":\"https:\/\/itinere.eduvic.coop\/wp-content\/uploads\/2024\/07\/Captura-presentacio-treballs-online.png\",\"width\":1917,\"height\":1075,\"caption\":\"Proyectos Final M\u00e1ster Terapia Familiar Socioeducativa\"},{\"@type\":\"BreadcrumbList\",\"@id\":\"https:\/\/itinere.eduvic.coop\/es\/proyectos-final-master-terapia-familiar-socioeducativa\/#breadcrumb\",\"itemListElement\":[{\"@type\":\"ListItem\",\"position\":1,\"name\":\"Inici\",\"item\":\"https:\/\/itinere.eduvic.coop\/es\/\"},{\"@type\":\"ListItem\",\"position\":2,\"name\":\"Actos de presentaci\u00f3n de Proyectos de Final de M\u00e1ster de Terapia Familiar Socioeducativa\"}]},{\"@type\":\"WebSite\",\"@id\":\"https:\/\/itinere.eduvic.coop\/es\/#website\",\"url\":\"https:\/\/itinere.eduvic.coop\/es\/\",\"name\":\"EDUVIC \u00b7 Itinere\",\"description\":\"\",\"publisher\":{\"@id\":\"https:\/\/itinere.eduvic.coop\/es\/#organization\"},\"potentialAction\":[{\"@type\":\"SearchAction\",\"target\":{\"@type\":\"EntryPoint\",\"urlTemplate\":\"https:\/\/itinere.eduvic.coop\/es\/?s={search_term_string}\"},\"query-input\":{\"@type\":\"PropertyValueSpecification\",\"valueRequired\":true,\"valueName\":\"search_term_string\"}}],\"inLanguage\":\"es\"},{\"@type\":\"Organization\",\"@id\":\"https:\/\/itinere.eduvic.coop\/es\/#organization\",\"name\":\"EDUVIC \u00b7 Itinere\",\"url\":\"https:\/\/itinere.eduvic.coop\/es\/\",\"logo\":{\"@type\":\"ImageObject\",\"inLanguage\":\"es\",\"@id\":\"https:\/\/itinere.eduvic.coop\/es\/#\/schema\/logo\/image\/\",\"url\":\"https:\/\/itinere.eduvic.coop\/wp-content\/uploads\/2024\/04\/EDUVIC-ITINERE-2024.png\",\"contentUrl\":\"https:\/\/itinere.eduvic.coop\/wp-content\/uploads\/2024\/04\/EDUVIC-ITINERE-2024.png\",\"width\":5486,\"height\":2647,\"caption\":\"EDUVIC \u00b7 Itinere\"},\"image\":{\"@id\":\"https:\/\/itinere.eduvic.coop\/es\/#\/schema\/logo\/image\/\"},\"sameAs\":[\"https:\/\/www.instagram.com\/eduvic.itinere\/\",\"https:\/\/www.linkedin.com\/company\/82385485\/admin\/feed\/posts\/\"]},{\"@type\":\"Person\",\"@id\":\"https:\/\/itinere.eduvic.coop\/es\/#\/schema\/person\/8dafe1182ae1661da2efe3dcf5fd7dc1\",\"name\":\"Silvia Casas\",\"image\":{\"@type\":\"ImageObject\",\"inLanguage\":\"es\",\"@id\":\"https:\/\/secure.gravatar.com\/avatar\/8e8e70922b3eb0f7b3a82f554836f41cd913c4d7d6d3d803b163e0b17980eefb?s=96&d=mm&r=g\",\"url\":\"https:\/\/secure.gravatar.com\/avatar\/8e8e70922b3eb0f7b3a82f554836f41cd913c4d7d6d3d803b163e0b17980eefb?s=96&d=mm&r=g\",\"contentUrl\":\"https:\/\/secure.gravatar.com\/avatar\/8e8e70922b3eb0f7b3a82f554836f41cd913c4d7d6d3d803b163e0b17980eefb?s=96&d=mm&r=g\",\"caption\":\"Silvia Casas\"}}]}<\/script>\n<!-- \/ Yoast SEO plugin. -->","yoast_head_json":{"title":"Actos de presentaci\u00f3n de Proyectos de Final de M\u00e1ster de Terapia Familiar Socioeducativa - EDUVIC \u00b7 Itinere","description":"El pasado mas de junio, tuvieron lugar los actos de presentaci\u00f3n de los Proyectos de Final de M\u00e1ster de Terapia Familiar Socioeducativa.","robots":{"index":"index","follow":"follow","max-snippet":"max-snippet:-1","max-image-preview":"max-image-preview:large","max-video-preview":"max-video-preview:-1"},"canonical":"https:\/\/itinere.eduvic.coop\/es\/proyectos-final-master-terapia-familiar-socioeducativa\/","og_locale":"es_ES","og_type":"article","og_title":"Actos de presentaci\u00f3n de Proyectos de Final de M\u00e1ster de Terapia Familiar Socioeducativa - EDUVIC \u00b7 Itinere","og_description":"El pasado mas de junio, tuvieron lugar los actos de presentaci\u00f3n de los Proyectos de Final de M\u00e1ster de Terapia Familiar Socioeducativa.","og_url":"https:\/\/itinere.eduvic.coop\/es\/proyectos-final-master-terapia-familiar-socioeducativa\/","og_site_name":"EDUVIC \u00b7 Itinere","article_published_time":"2024-07-04T10:51:16+00:00","article_modified_time":"2025-10-06T08:40:24+00:00","og_image":[{"width":1024,"height":574,"url":"https:\/\/itinere.eduvic.coop\/wp-content\/uploads\/2024\/07\/Captura-presentacio-treballs-online-1024x574.png","type":"image\/png"}],"author":"Silvia Casas","twitter_card":"summary_large_image","twitter_misc":{"Escrito por":"Silvia Casas","Tiempo de lectura":"2 minutos"},"schema":{"@context":"https:\/\/schema.org","@graph":[{"@type":"Article","@id":"https:\/\/itinere.eduvic.coop\/es\/proyectos-final-master-terapia-familiar-socioeducativa\/#article","isPartOf":{"@id":"https:\/\/itinere.eduvic.coop\/es\/proyectos-final-master-terapia-familiar-socioeducativa\/"},"author":{"name":"Silvia Casas","@id":"https:\/\/itinere.eduvic.coop\/es\/#\/schema\/person\/8dafe1182ae1661da2efe3dcf5fd7dc1"},"headline":"Actos de presentaci\u00f3n de Proyectos de Final de M\u00e1ster de Terapia Familiar Socioeducativa","datePublished":"2024-07-04T10:51:16+00:00","dateModified":"2025-10-06T08:40:24+00:00","mainEntityOfPage":{"@id":"https:\/\/itinere.eduvic.coop\/es\/proyectos-final-master-terapia-familiar-socioeducativa\/"},"wordCount":237,"publisher":{"@id":"https:\/\/itinere.eduvic.coop\/es\/#organization"},"image":{"@id":"https:\/\/itinere.eduvic.coop\/es\/proyectos-final-master-terapia-familiar-socioeducativa\/#primaryimage"},"thumbnailUrl":"https:\/\/itinere.eduvic.coop\/wp-content\/uploads\/2024\/07\/Captura-presentacio-treballs-online.png","articleSection":["Noticias"],"inLanguage":"es"},{"@type":"WebPage","@id":"https:\/\/itinere.eduvic.coop\/es\/proyectos-final-master-terapia-familiar-socioeducativa\/","url":"https:\/\/itinere.eduvic.coop\/es\/proyectos-final-master-terapia-familiar-socioeducativa\/","name":"Actos de presentaci\u00f3n de Proyectos de Final de M\u00e1ster de Terapia Familiar Socioeducativa - EDUVIC \u00b7 Itinere","isPartOf":{"@id":"https:\/\/itinere.eduvic.coop\/es\/#website"},"primaryImageOfPage":{"@id":"https:\/\/itinere.eduvic.coop\/es\/proyectos-final-master-terapia-familiar-socioeducativa\/#primaryimage"},"image":{"@id":"https:\/\/itinere.eduvic.coop\/es\/proyectos-final-master-terapia-familiar-socioeducativa\/#primaryimage"},"thumbnailUrl":"https:\/\/itinere.eduvic.coop\/wp-content\/uploads\/2024\/07\/Captura-presentacio-treballs-online.png","datePublished":"2024-07-04T10:51:16+00:00","dateModified":"2025-10-06T08:40:24+00:00","description":"El pasado mas de junio, tuvieron lugar los actos de presentaci\u00f3n de los Proyectos de Final de M\u00e1ster de Terapia Familiar Socioeducativa.","breadcrumb":{"@id":"https:\/\/itinere.eduvic.coop\/es\/proyectos-final-master-terapia-familiar-socioeducativa\/#breadcrumb"},"inLanguage":"es","potentialAction":[{"@type":"ReadAction","target":["https:\/\/itinere.eduvic.coop\/es\/proyectos-final-master-terapia-familiar-socioeducativa\/"]}]},{"@type":"ImageObject","inLanguage":"es","@id":"https:\/\/itinere.eduvic.coop\/es\/proyectos-final-master-terapia-familiar-socioeducativa\/#primaryimage","url":"https:\/\/itinere.eduvic.coop\/wp-content\/uploads\/2024\/07\/Captura-presentacio-treballs-online.png","contentUrl":"https:\/\/itinere.eduvic.coop\/wp-content\/uploads\/2024\/07\/Captura-presentacio-treballs-online.png","width":1917,"height":1075,"caption":"Proyectos Final M\u00e1ster Terapia Familiar Socioeducativa"},{"@type":"BreadcrumbList","@id":"https:\/\/itinere.eduvic.coop\/es\/proyectos-final-master-terapia-familiar-socioeducativa\/#breadcrumb","itemListElement":[{"@type":"ListItem","position":1,"name":"Inici","item":"https:\/\/itinere.eduvic.coop\/es\/"},{"@type":"ListItem","position":2,"name":"Actos de presentaci\u00f3n de Proyectos de Final de M\u00e1ster de Terapia Familiar Socioeducativa"}]},{"@type":"WebSite","@id":"https:\/\/itinere.eduvic.coop\/es\/#website","url":"https:\/\/itinere.eduvic.coop\/es\/","name":"EDUVIC \u00b7 Itinere","description":"","publisher":{"@id":"https:\/\/itinere.eduvic.coop\/es\/#organization"},"potentialAction":[{"@type":"SearchAction","target":{"@type":"EntryPoint","urlTemplate":"https:\/\/itinere.eduvic.coop\/es\/?s={search_term_string}"},"query-input":{"@type":"PropertyValueSpecification","valueRequired":true,"valueName":"search_term_string"}}],"inLanguage":"es"},{"@type":"Organization","@id":"https:\/\/itinere.eduvic.coop\/es\/#organization","name":"EDUVIC \u00b7 Itinere","url":"https:\/\/itinere.eduvic.coop\/es\/","logo":{"@type":"ImageObject","inLanguage":"es","@id":"https:\/\/itinere.eduvic.coop\/es\/#\/schema\/logo\/image\/","url":"https:\/\/itinere.eduvic.coop\/wp-content\/uploads\/2024\/04\/EDUVIC-ITINERE-2024.png","contentUrl":"https:\/\/itinere.eduvic.coop\/wp-content\/uploads\/2024\/04\/EDUVIC-ITINERE-2024.png","width":5486,"height":2647,"caption":"EDUVIC \u00b7 Itinere"},"image":{"@id":"https:\/\/itinere.eduvic.coop\/es\/#\/schema\/logo\/image\/"},"sameAs":["https:\/\/www.instagram.com\/eduvic.itinere\/","https:\/\/www.linkedin.com\/company\/82385485\/admin\/feed\/posts\/"]},{"@type":"Person","@id":"https:\/\/itinere.eduvic.coop\/es\/#\/schema\/person\/8dafe1182ae1661da2efe3dcf5fd7dc1","name":"Silvia Casas","image":{"@type":"ImageObject","inLanguage":"es","@id":"https:\/\/secure.gravatar.com\/avatar\/8e8e70922b3eb0f7b3a82f554836f41cd913c4d7d6d3d803b163e0b17980eefb?s=96&d=mm&r=g","url":"https:\/\/secure.gravatar.com\/avatar\/8e8e70922b3eb0f7b3a82f554836f41cd913c4d7d6d3d803b163e0b17980eefb?s=96&d=mm&r=g","contentUrl":"https:\/\/secure.gravatar.com\/avatar\/8e8e70922b3eb0f7b3a82f554836f41cd913c4d7d6d3d803b163e0b17980eefb?s=96&d=mm&r=g","caption":"Silvia Casas"}}]}},"_links":{"self":[{"href":"https:\/\/itinere.eduvic.coop\/es\/wp-json\/wp\/v2\/posts\/9755","targetHints":{"allow":["GET"]}}],"collection":[{"href":"https:\/\/itinere.eduvic.coop\/es\/wp-json\/wp\/v2\/posts"}],"about":[{"href":"https:\/\/itinere.eduvic.coop\/es\/wp-json\/wp\/v2\/types\/post"}],"author":[{"embeddable":true,"href":"https:\/\/itinere.eduvic.coop\/es\/wp-json\/wp\/v2\/users\/10"}],"replies":[{"embeddable":true,"href":"https:\/\/itinere.eduvic.coop\/es\/wp-json\/wp\/v2\/comments?post=9755"}],"version-history":[{"count":4,"href":"https:\/\/itinere.eduvic.coop\/es\/wp-json\/wp\/v2\/posts\/9755\/revisions"}],"predecessor-version":[{"id":10956,"href":"https:\/\/itinere.eduvic.coop\/es\/wp-json\/wp\/v2\/posts\/9755\/revisions\/10956"}],"wp:featuredmedia":[{"embeddable":true,"href":"https:\/\/itinere.eduvic.coop\/es\/wp-json\/wp\/v2\/media\/9754"}],"wp:attachment":[{"href":"https:\/\/itinere.eduvic.coop\/es\/wp-json\/wp\/v2\/media?parent=9755"}],"wp:term":[{"taxonomy":"category","embeddable":true,"href":"https:\/\/itinere.eduvic.coop\/es\/wp-json\/wp\/v2\/categories?post=9755"},{"taxonomy":"post_tag","embeddable":true,"href":"https:\/\/itinere.eduvic.coop\/es\/wp-json\/wp\/v2\/tags?post=9755"}],"curies":[{"name":"wp","href":"https:\/\/api.w.org\/{rel}","templated":true}]}}