{"id":8762,"date":"2020-06-30T10:31:44","date_gmt":"2020-06-30T09:31:44","guid":{"rendered":"https:\/\/eduvic.dev.madsys.com\/itinere23\/un-acto-de-presentacion-de-proyectos-de-investigacion-virtual-y-muy-proximo\/"},"modified":"2025-10-06T10:24:54","modified_gmt":"2025-10-06T09:24:54","slug":"presentacion-proyectos-investigacion-virtual","status":"publish","type":"post","link":"https:\/\/itinere.eduvic.coop\/es\/presentacion-proyectos-investigacion-virtual\/","title":{"rendered":"Un acto de Presentaci\u00f3n de proyectos de Investigaci\u00f3n virtual\u2026 y muy pr\u00f3ximo"},"content":{"rendered":"<div class=\"wpb-content-wrapper\"><p>[vc_row][vc_column][vc_column_text css=&#8221;&#8221;]<\/p>\n<p style=\"text-align: justify;\"><strong>Los\/las alumnos del M\u00e1ster en Terapia Familiar Socioeducativa expusieron y defendieron sus trabajos de manera virtual en la Presentaci\u00f3n de Proyectos de Investigaci\u00f3n celebrado el jueves 18 y el lunes 22 de junio<\/strong>. Las adversidades y los cambios que ha planteado la pandemia de la Covid durante este curso no han evitado que los alumnos\/as defendieran con excelencia sus proyectos de investigaci\u00f3n fruto de la experiencia y los conocimientos adquiridos en el m\u00e1ster. En efecto, los nervios no impidieron que la alegr\u00eda, la satisfacci\u00f3n y el orgullo se reflejaran en la defensa de sus exposiciones que, una vez validados, <strong>los\/las acredita en la formaci\u00f3n como M\u00e1sters en Terapia Familiar Socioeducativa y les dar\u00e1 la puerta de acceso al curso de Pr\u00e1cticas supervisadas de la Escuela Itinere<\/strong> o en alguna otra Escuela acreditada. Este ser\u00eda el \u00faltimo paso para que los participantes en el M\u00e1ster puedan iniciar los tr\u00e1mites para la certificaci\u00f3n como terapeutas familiares ante la Federaci\u00f3n Espa\u00f1ola de Asociaciones de Terapeutas Familiares (FEATF).<\/p>\n<p style=\"text-align: justify;\">El acto se celebr\u00f3 en dos d\u00edas: el 18 de junio participaron ocho alumnos y el 22, los nueve restantes. La bienvenida y la presentaci\u00f3n del acto estuvieron a cargo de Jordi Muner, director acad\u00e9mico del m\u00e1ster y fue seguido por la directora general de EDUVIC Adela Cam\u00ed, quien hizo el discurso de presentaci\u00f3n del curso. Cada participante dispon\u00eda de 15 minutos contando las deliberaciones del Tribunal, formado por Ana Baldero, Javier Loyo y Adela Cam\u00ed. <strong>No faltaron las palabras de agradecimiento de los alumnos hacia las profesoras y los profesores que los\/las han acompa\u00f1ado en todo el proceso del m\u00e1ster y tambi\u00e9n a los\/las respectivos\/as compa\u00f1eros\/as de promoci\u00f3n, donde se ha formado un muy buen clima de compa\u00f1\u00eda, cooperaci\u00f3n y socializaci\u00f3n del conocimiento.<\/strong>.<\/p>\n<p style=\"text-align: justify;\">La Presentaci\u00f3n de Proyectos significa la culminaci\u00f3n de unos trabajos de mucha intensidad que se han llevado a cabo a lo largo del curso. El objetivo de este acto es poner a prueba la capacidad de comunicarse y saber exponer la metodolog\u00eda llevada a cabo y, de este modo, se compartan ideas, an\u00e1lisis, experiencias y reflexiones que se puedan aplicar en el futuro inmediato en marcos de acci\u00f3n profesional. En esta l\u00ednea, <strong>la finalizaci\u00f3n de estos estudios solo es un punto y seguido: todos los alumnos\/as que han finalizado el m\u00e1ster podr\u00e1n seguir formando parte durante un a\u00f1o de la Comunidad Itinere<\/strong> compartiendo sus experiencias con compa\u00f1eros de todo el mundo y contando con espacios de supervisi\u00f3n e intervisi\u00f3n de profesionales.<\/p>\n<p>[\/vc_column_text][\/vc_column][\/vc_row][vc_row][vc_column][vc_gallery interval=&#8221;3&#8243; images=&#8221;7285,7286,7287,7288,7289,7290,7291&#8243; img_size=&#8221;large&#8221;][\/vc_column][\/vc_row]<\/p>\n<\/div>","protected":false},"excerpt":{"rendered":"<p>[vc_row][vc_column][vc_column_text css=&#8221;&#8221;] Los\/las alumnos del M\u00e1ster en Terapia Familiar Socioeducativa expusieron y defendieron sus trabajos de manera virtual en la Presentaci\u00f3n de Proyectos de Investigaci\u00f3n celebrado el jueves 18 y el lunes 22 de junio. Las adversidades y los cambios que ha planteado la pandemia de la Covid durante este curso no han evitado que los alumnos\/as defendieran con excelencia &#8230; <\/p>\n<p class=\"read-more-container\"><a title=\"Un acto de Presentaci\u00f3n de proyectos de Investigaci\u00f3n virtual\u2026 y muy pr\u00f3ximo\" class=\"read-more button\" href=\"https:\/\/itinere.eduvic.coop\/es\/presentacion-proyectos-investigacion-virtual\/#more-8762\" aria-label=\"Leer m\u00e1s sobre Un acto de Presentaci\u00f3n de proyectos de Investigaci\u00f3n virtual\u2026 y muy pr\u00f3ximo\">Llegir m\u00e9s<\/a><\/p>\n","protected":false},"author":4,"featured_media":8233,"comment_status":"closed","ping_status":"closed","sticky":false,"template":"","format":"standard","meta":{"_acf_changed":false,"footnotes":""},"categories":[147],"tags":[],"class_list":["post-8762","post","type-post","status-publish","format-standard","has-post-thumbnail","hentry","category-noticias","infinite-scroll-item","generate-columns","tablet-grid-50","mobile-grid-100","grid-parent","grid-33"],"acf":[],"yoast_head":"<!-- This site is optimized with the Yoast SEO plugin v27.2 - https:\/\/yoast.com\/product\/yoast-seo-wordpress\/ -->\n<title>Un acto de Presentaci\u00f3n de proyectos de Investigaci\u00f3n virtual\u2026 y muy pr\u00f3ximo - EDUVIC \u00b7 Itinere<\/title>\n<meta name=\"description\" content=\"Los\/las alumnos del M\u00e1ster en Terapia Familiar Socioeducativa expusieron y defendieron sus trabajos de manera virtual.\" \/>\n<meta name=\"robots\" content=\"index, follow, max-snippet:-1, max-image-preview:large, max-video-preview:-1\" \/>\n<link rel=\"canonical\" href=\"https:\/\/itinere.eduvic.coop\/es\/presentacion-proyectos-investigacion-virtual\/\" \/>\n<meta property=\"og:locale\" content=\"es_ES\" \/>\n<meta property=\"og:type\" content=\"article\" \/>\n<meta property=\"og:title\" content=\"Un acto de Presentaci\u00f3n de proyectos de Investigaci\u00f3n virtual\u2026 y muy pr\u00f3ximo - EDUVIC \u00b7 Itinere\" \/>\n<meta property=\"og:description\" content=\"Los\/las alumnos del M\u00e1ster en Terapia Familiar Socioeducativa expusieron y defendieron sus trabajos de manera virtual.\" \/>\n<meta property=\"og:url\" content=\"https:\/\/itinere.eduvic.coop\/es\/presentacion-proyectos-investigacion-virtual\/\" \/>\n<meta property=\"og:site_name\" content=\"EDUVIC \u00b7 Itinere\" \/>\n<meta property=\"article:published_time\" content=\"2020-06-30T09:31:44+00:00\" \/>\n<meta property=\"article:modified_time\" content=\"2025-10-06T09:24:54+00:00\" \/>\n<meta property=\"og:image\" content=\"https:\/\/itinere.eduvic.coop\/wp-content\/uploads\/2020\/06\/cpt2.png\" \/>\n\t<meta property=\"og:image:width\" content=\"1024\" \/>\n\t<meta property=\"og:image:height\" content=\"613\" \/>\n\t<meta property=\"og:image:type\" content=\"image\/png\" \/>\n<meta name=\"author\" content=\"MAD Systems, SCCL\" \/>\n<meta name=\"twitter:card\" content=\"summary_large_image\" \/>\n<meta name=\"twitter:label1\" content=\"Escrito por\" \/>\n\t<meta name=\"twitter:data1\" content=\"MAD Systems, SCCL\" \/>\n\t<meta name=\"twitter:label2\" content=\"Tiempo de lectura\" \/>\n\t<meta name=\"twitter:data2\" content=\"4 minutos\" \/>\n<script type=\"application\/ld+json\" class=\"yoast-schema-graph\">{\"@context\":\"https:\/\/schema.org\",\"@graph\":[{\"@type\":\"Article\",\"@id\":\"https:\/\/itinere.eduvic.coop\/es\/presentacion-proyectos-investigacion-virtual\/#article\",\"isPartOf\":{\"@id\":\"https:\/\/itinere.eduvic.coop\/es\/presentacion-proyectos-investigacion-virtual\/\"},\"author\":{\"name\":\"MAD Systems, SCCL\",\"@id\":\"https:\/\/itinere.eduvic.coop\/es\/#\/schema\/person\/86cb4267e72b51f074c3c247543c7ea8\"},\"headline\":\"Un acto de Presentaci\u00f3n de proyectos de Investigaci\u00f3n virtual\u2026 y muy pr\u00f3ximo\",\"datePublished\":\"2020-06-30T09:31:44+00:00\",\"dateModified\":\"2025-10-06T09:24:54+00:00\",\"mainEntityOfPage\":{\"@id\":\"https:\/\/itinere.eduvic.coop\/es\/presentacion-proyectos-investigacion-virtual\/\"},\"wordCount\":500,\"publisher\":{\"@id\":\"https:\/\/itinere.eduvic.coop\/es\/#organization\"},\"image\":{\"@id\":\"https:\/\/itinere.eduvic.coop\/es\/presentacion-proyectos-investigacion-virtual\/#primaryimage\"},\"thumbnailUrl\":\"https:\/\/itinere.eduvic.coop\/wp-content\/uploads\/2020\/06\/cpt2.png\",\"articleSection\":[\"Noticias\"],\"inLanguage\":\"es\"},{\"@type\":\"WebPage\",\"@id\":\"https:\/\/itinere.eduvic.coop\/es\/presentacion-proyectos-investigacion-virtual\/\",\"url\":\"https:\/\/itinere.eduvic.coop\/es\/presentacion-proyectos-investigacion-virtual\/\",\"name\":\"Un acto de Presentaci\u00f3n de proyectos de Investigaci\u00f3n virtual\u2026 y muy pr\u00f3ximo - EDUVIC \u00b7 Itinere\",\"isPartOf\":{\"@id\":\"https:\/\/itinere.eduvic.coop\/es\/#website\"},\"primaryImageOfPage\":{\"@id\":\"https:\/\/itinere.eduvic.coop\/es\/presentacion-proyectos-investigacion-virtual\/#primaryimage\"},\"image\":{\"@id\":\"https:\/\/itinere.eduvic.coop\/es\/presentacion-proyectos-investigacion-virtual\/#primaryimage\"},\"thumbnailUrl\":\"https:\/\/itinere.eduvic.coop\/wp-content\/uploads\/2020\/06\/cpt2.png\",\"datePublished\":\"2020-06-30T09:31:44+00:00\",\"dateModified\":\"2025-10-06T09:24:54+00:00\",\"description\":\"Los\/las alumnos del M\u00e1ster en Terapia Familiar Socioeducativa expusieron y defendieron sus trabajos de manera virtual.\",\"breadcrumb\":{\"@id\":\"https:\/\/itinere.eduvic.coop\/es\/presentacion-proyectos-investigacion-virtual\/#breadcrumb\"},\"inLanguage\":\"es\",\"potentialAction\":[{\"@type\":\"ReadAction\",\"target\":[\"https:\/\/itinere.eduvic.coop\/es\/presentacion-proyectos-investigacion-virtual\/\"]}]},{\"@type\":\"ImageObject\",\"inLanguage\":\"es\",\"@id\":\"https:\/\/itinere.eduvic.coop\/es\/presentacion-proyectos-investigacion-virtual\/#primaryimage\",\"url\":\"https:\/\/itinere.eduvic.coop\/wp-content\/uploads\/2020\/06\/cpt2.png\",\"contentUrl\":\"https:\/\/itinere.eduvic.coop\/wp-content\/uploads\/2020\/06\/cpt2.png\",\"width\":3456,\"height\":2068},{\"@type\":\"BreadcrumbList\",\"@id\":\"https:\/\/itinere.eduvic.coop\/es\/presentacion-proyectos-investigacion-virtual\/#breadcrumb\",\"itemListElement\":[{\"@type\":\"ListItem\",\"position\":1,\"name\":\"Inici\",\"item\":\"https:\/\/itinere.eduvic.coop\/es\/\"},{\"@type\":\"ListItem\",\"position\":2,\"name\":\"Un acto de Presentaci\u00f3n de proyectos de Investigaci\u00f3n virtual\u2026 y muy pr\u00f3ximo\"}]},{\"@type\":\"WebSite\",\"@id\":\"https:\/\/itinere.eduvic.coop\/es\/#website\",\"url\":\"https:\/\/itinere.eduvic.coop\/es\/\",\"name\":\"EDUVIC \u00b7 Itinere\",\"description\":\"\",\"publisher\":{\"@id\":\"https:\/\/itinere.eduvic.coop\/es\/#organization\"},\"potentialAction\":[{\"@type\":\"SearchAction\",\"target\":{\"@type\":\"EntryPoint\",\"urlTemplate\":\"https:\/\/itinere.eduvic.coop\/es\/?s={search_term_string}\"},\"query-input\":{\"@type\":\"PropertyValueSpecification\",\"valueRequired\":true,\"valueName\":\"search_term_string\"}}],\"inLanguage\":\"es\"},{\"@type\":\"Organization\",\"@id\":\"https:\/\/itinere.eduvic.coop\/es\/#organization\",\"name\":\"EDUVIC \u00b7 Itinere\",\"url\":\"https:\/\/itinere.eduvic.coop\/es\/\",\"logo\":{\"@type\":\"ImageObject\",\"inLanguage\":\"es\",\"@id\":\"https:\/\/itinere.eduvic.coop\/es\/#\/schema\/logo\/image\/\",\"url\":\"https:\/\/itinere.eduvic.coop\/wp-content\/uploads\/2024\/04\/EDUVIC-ITINERE-2024.png\",\"contentUrl\":\"https:\/\/itinere.eduvic.coop\/wp-content\/uploads\/2024\/04\/EDUVIC-ITINERE-2024.png\",\"width\":5486,\"height\":2647,\"caption\":\"EDUVIC \u00b7 Itinere\"},\"image\":{\"@id\":\"https:\/\/itinere.eduvic.coop\/es\/#\/schema\/logo\/image\/\"},\"sameAs\":[\"https:\/\/www.instagram.com\/eduvic.itinere\/\",\"https:\/\/www.linkedin.com\/company\/82385485\/admin\/feed\/posts\/\"]},{\"@type\":\"Person\",\"@id\":\"https:\/\/itinere.eduvic.coop\/es\/#\/schema\/person\/86cb4267e72b51f074c3c247543c7ea8\",\"name\":\"MAD Systems, SCCL\",\"image\":{\"@type\":\"ImageObject\",\"inLanguage\":\"es\",\"@id\":\"https:\/\/secure.gravatar.com\/avatar\/ae80d9cec0d604d728583c2a4012a9233f1eccd650d802d69e8229472406634a?s=96&d=mm&r=g\",\"url\":\"https:\/\/secure.gravatar.com\/avatar\/ae80d9cec0d604d728583c2a4012a9233f1eccd650d802d69e8229472406634a?s=96&d=mm&r=g\",\"contentUrl\":\"https:\/\/secure.gravatar.com\/avatar\/ae80d9cec0d604d728583c2a4012a9233f1eccd650d802d69e8229472406634a?s=96&d=mm&r=g\",\"caption\":\"MAD Systems, SCCL\"}}]}<\/script>\n<!-- \/ Yoast SEO plugin. -->","yoast_head_json":{"title":"Un acto de Presentaci\u00f3n de proyectos de Investigaci\u00f3n virtual\u2026 y muy pr\u00f3ximo - EDUVIC \u00b7 Itinere","description":"Los\/las alumnos del M\u00e1ster en Terapia Familiar Socioeducativa expusieron y defendieron sus trabajos de manera virtual.","robots":{"index":"index","follow":"follow","max-snippet":"max-snippet:-1","max-image-preview":"max-image-preview:large","max-video-preview":"max-video-preview:-1"},"canonical":"https:\/\/itinere.eduvic.coop\/es\/presentacion-proyectos-investigacion-virtual\/","og_locale":"es_ES","og_type":"article","og_title":"Un acto de Presentaci\u00f3n de proyectos de Investigaci\u00f3n virtual\u2026 y muy pr\u00f3ximo - EDUVIC \u00b7 Itinere","og_description":"Los\/las alumnos del M\u00e1ster en Terapia Familiar Socioeducativa expusieron y defendieron sus trabajos de manera virtual.","og_url":"https:\/\/itinere.eduvic.coop\/es\/presentacion-proyectos-investigacion-virtual\/","og_site_name":"EDUVIC \u00b7 Itinere","article_published_time":"2020-06-30T09:31:44+00:00","article_modified_time":"2025-10-06T09:24:54+00:00","og_image":[{"url":"https:\/\/itinere.eduvic.coop\/wp-content\/uploads\/2020\/06\/cpt2.png","width":1024,"height":613,"type":"image\/png"}],"author":"MAD Systems, SCCL","twitter_card":"summary_large_image","twitter_misc":{"Escrito por":"MAD Systems, SCCL","Tiempo de lectura":"4 minutos"},"schema":{"@context":"https:\/\/schema.org","@graph":[{"@type":"Article","@id":"https:\/\/itinere.eduvic.coop\/es\/presentacion-proyectos-investigacion-virtual\/#article","isPartOf":{"@id":"https:\/\/itinere.eduvic.coop\/es\/presentacion-proyectos-investigacion-virtual\/"},"author":{"name":"MAD Systems, SCCL","@id":"https:\/\/itinere.eduvic.coop\/es\/#\/schema\/person\/86cb4267e72b51f074c3c247543c7ea8"},"headline":"Un acto de Presentaci\u00f3n de proyectos de Investigaci\u00f3n virtual\u2026 y muy pr\u00f3ximo","datePublished":"2020-06-30T09:31:44+00:00","dateModified":"2025-10-06T09:24:54+00:00","mainEntityOfPage":{"@id":"https:\/\/itinere.eduvic.coop\/es\/presentacion-proyectos-investigacion-virtual\/"},"wordCount":500,"publisher":{"@id":"https:\/\/itinere.eduvic.coop\/es\/#organization"},"image":{"@id":"https:\/\/itinere.eduvic.coop\/es\/presentacion-proyectos-investigacion-virtual\/#primaryimage"},"thumbnailUrl":"https:\/\/itinere.eduvic.coop\/wp-content\/uploads\/2020\/06\/cpt2.png","articleSection":["Noticias"],"inLanguage":"es"},{"@type":"WebPage","@id":"https:\/\/itinere.eduvic.coop\/es\/presentacion-proyectos-investigacion-virtual\/","url":"https:\/\/itinere.eduvic.coop\/es\/presentacion-proyectos-investigacion-virtual\/","name":"Un acto de Presentaci\u00f3n de proyectos de Investigaci\u00f3n virtual\u2026 y muy pr\u00f3ximo - EDUVIC \u00b7 Itinere","isPartOf":{"@id":"https:\/\/itinere.eduvic.coop\/es\/#website"},"primaryImageOfPage":{"@id":"https:\/\/itinere.eduvic.coop\/es\/presentacion-proyectos-investigacion-virtual\/#primaryimage"},"image":{"@id":"https:\/\/itinere.eduvic.coop\/es\/presentacion-proyectos-investigacion-virtual\/#primaryimage"},"thumbnailUrl":"https:\/\/itinere.eduvic.coop\/wp-content\/uploads\/2020\/06\/cpt2.png","datePublished":"2020-06-30T09:31:44+00:00","dateModified":"2025-10-06T09:24:54+00:00","description":"Los\/las alumnos del M\u00e1ster en Terapia Familiar Socioeducativa expusieron y defendieron sus trabajos de manera virtual.","breadcrumb":{"@id":"https:\/\/itinere.eduvic.coop\/es\/presentacion-proyectos-investigacion-virtual\/#breadcrumb"},"inLanguage":"es","potentialAction":[{"@type":"ReadAction","target":["https:\/\/itinere.eduvic.coop\/es\/presentacion-proyectos-investigacion-virtual\/"]}]},{"@type":"ImageObject","inLanguage":"es","@id":"https:\/\/itinere.eduvic.coop\/es\/presentacion-proyectos-investigacion-virtual\/#primaryimage","url":"https:\/\/itinere.eduvic.coop\/wp-content\/uploads\/2020\/06\/cpt2.png","contentUrl":"https:\/\/itinere.eduvic.coop\/wp-content\/uploads\/2020\/06\/cpt2.png","width":3456,"height":2068},{"@type":"BreadcrumbList","@id":"https:\/\/itinere.eduvic.coop\/es\/presentacion-proyectos-investigacion-virtual\/#breadcrumb","itemListElement":[{"@type":"ListItem","position":1,"name":"Inici","item":"https:\/\/itinere.eduvic.coop\/es\/"},{"@type":"ListItem","position":2,"name":"Un acto de Presentaci\u00f3n de proyectos de Investigaci\u00f3n virtual\u2026 y muy pr\u00f3ximo"}]},{"@type":"WebSite","@id":"https:\/\/itinere.eduvic.coop\/es\/#website","url":"https:\/\/itinere.eduvic.coop\/es\/","name":"EDUVIC \u00b7 Itinere","description":"","publisher":{"@id":"https:\/\/itinere.eduvic.coop\/es\/#organization"},"potentialAction":[{"@type":"SearchAction","target":{"@type":"EntryPoint","urlTemplate":"https:\/\/itinere.eduvic.coop\/es\/?s={search_term_string}"},"query-input":{"@type":"PropertyValueSpecification","valueRequired":true,"valueName":"search_term_string"}}],"inLanguage":"es"},{"@type":"Organization","@id":"https:\/\/itinere.eduvic.coop\/es\/#organization","name":"EDUVIC \u00b7 Itinere","url":"https:\/\/itinere.eduvic.coop\/es\/","logo":{"@type":"ImageObject","inLanguage":"es","@id":"https:\/\/itinere.eduvic.coop\/es\/#\/schema\/logo\/image\/","url":"https:\/\/itinere.eduvic.coop\/wp-content\/uploads\/2024\/04\/EDUVIC-ITINERE-2024.png","contentUrl":"https:\/\/itinere.eduvic.coop\/wp-content\/uploads\/2024\/04\/EDUVIC-ITINERE-2024.png","width":5486,"height":2647,"caption":"EDUVIC \u00b7 Itinere"},"image":{"@id":"https:\/\/itinere.eduvic.coop\/es\/#\/schema\/logo\/image\/"},"sameAs":["https:\/\/www.instagram.com\/eduvic.itinere\/","https:\/\/www.linkedin.com\/company\/82385485\/admin\/feed\/posts\/"]},{"@type":"Person","@id":"https:\/\/itinere.eduvic.coop\/es\/#\/schema\/person\/86cb4267e72b51f074c3c247543c7ea8","name":"MAD Systems, SCCL","image":{"@type":"ImageObject","inLanguage":"es","@id":"https:\/\/secure.gravatar.com\/avatar\/ae80d9cec0d604d728583c2a4012a9233f1eccd650d802d69e8229472406634a?s=96&d=mm&r=g","url":"https:\/\/secure.gravatar.com\/avatar\/ae80d9cec0d604d728583c2a4012a9233f1eccd650d802d69e8229472406634a?s=96&d=mm&r=g","contentUrl":"https:\/\/secure.gravatar.com\/avatar\/ae80d9cec0d604d728583c2a4012a9233f1eccd650d802d69e8229472406634a?s=96&d=mm&r=g","caption":"MAD Systems, SCCL"}}]}},"_links":{"self":[{"href":"https:\/\/itinere.eduvic.coop\/es\/wp-json\/wp\/v2\/posts\/8762","targetHints":{"allow":["GET"]}}],"collection":[{"href":"https:\/\/itinere.eduvic.coop\/es\/wp-json\/wp\/v2\/posts"}],"about":[{"href":"https:\/\/itinere.eduvic.coop\/es\/wp-json\/wp\/v2\/types\/post"}],"author":[{"embeddable":true,"href":"https:\/\/itinere.eduvic.coop\/es\/wp-json\/wp\/v2\/users\/4"}],"replies":[{"embeddable":true,"href":"https:\/\/itinere.eduvic.coop\/es\/wp-json\/wp\/v2\/comments?post=8762"}],"version-history":[{"count":7,"href":"https:\/\/itinere.eduvic.coop\/es\/wp-json\/wp\/v2\/posts\/8762\/revisions"}],"predecessor-version":[{"id":10971,"href":"https:\/\/itinere.eduvic.coop\/es\/wp-json\/wp\/v2\/posts\/8762\/revisions\/10971"}],"wp:featuredmedia":[{"embeddable":true,"href":"https:\/\/itinere.eduvic.coop\/es\/wp-json\/wp\/v2\/media\/8233"}],"wp:attachment":[{"href":"https:\/\/itinere.eduvic.coop\/es\/wp-json\/wp\/v2\/media?parent=8762"}],"wp:term":[{"taxonomy":"category","embeddable":true,"href":"https:\/\/itinere.eduvic.coop\/es\/wp-json\/wp\/v2\/categories?post=8762"},{"taxonomy":"post_tag","embeddable":true,"href":"https:\/\/itinere.eduvic.coop\/es\/wp-json\/wp\/v2\/tags?post=8762"}],"curies":[{"name":"wp","href":"https:\/\/api.w.org\/{rel}","templated":true}]}}