{"id":8756,"date":"2020-07-17T09:11:27","date_gmt":"2020-07-17T08:11:27","guid":{"rendered":"https:\/\/eduvic.dev.madsys.com\/itinere23\/algo-acaba-para-empezar-otra-ya-podemos-ejercer-como-terapeutas-en-terapia-familiar\/"},"modified":"2025-10-06T10:42:51","modified_gmt":"2025-10-06T09:42:51","slug":"ejercer-como-terapeutas-en-terapia-familiar","status":"publish","type":"post","link":"https:\/\/itinere.eduvic.coop\/es\/ejercer-como-terapeutas-en-terapia-familiar\/","title":{"rendered":"Algo acaba para empezar otra: \u00a1ya podemos ejercer como terapeutas en Terapia Familiar!"},"content":{"rendered":"<div class=\"wpb-content-wrapper\"><p>[vc_row][vc_column][vc_column_text]Mascarillas, botellas de gel hidroalcoh\u00f3lico, puertas bien abiertas&#8230; La Covid no ha sido un impedimento para <strong>celebrar la clausura del curso 2019-2020 del Postgrado en Pr\u00e1cticas terap\u00e9uticas supervisadas en Terapia Familiar<\/strong>. Antes de la entrega de los diplomas, el alumnado se ha podido reunir conjuntamente con el personal docente y de supervisi\u00f3n de Pr\u00e1cticas supervisadas de la Escuela Itinere \u2500Ana Baldero, Javier Loyo y Adela Cam\u00ed\u2500 para hablar durante una largo rato sobre el Postgrado y sus impresiones personales.<\/p>\n<p>Primeramente, se ha hecho un traspaso de informaci\u00f3n de los casos que han llevado los y las alumnas durante el curso y que a partir de ahora ser\u00e1n atendidas por terapeutas de EDUVIC \u2022 FAMILIAS. Han sido unas exposiciones largas y exhaustivas sobre las experiencias de los y las alumnas con respecto a sus observaciones como terapeutas. Despu\u00e9s, el personal docente les ha pedido sus opiniones sobre el Postgrado. Las buenas palabras no han faltado, <strong>aqu\u00ed ten\u00e9is una recopilaci\u00f3n<\/strong>:[\/vc_column_text][\/vc_column][\/vc_row][vc_row][vc_column][vc_message icon_fontawesome=&#8221;fa fa-quote-left&#8221;]\u00abMe llevo muchas herramientas, una mirada capacitadora hacia m\u00ed misma y un trabajo personal con las resonancias. Sobre todo me ha gustado la oportunidad de entrar personalmente con la familia\u00bb[\/vc_message][\/vc_column][\/vc_row][vc_row][vc_column][vc_message message_box_color=&#8221;warning&#8221; icon_fontawesome=&#8221;fa fa-quote-right&#8221;]\u00abHe podido aplicar lo que he estudiado durante los dos a\u00f1os previos. He adquirido confianza personal y el convencimiento de que soy capaz de hacerlo\u00bb[\/vc_message][\/vc_column][\/vc_row][vc_row][vc_column][vc_message message_box_color=&#8221;success&#8221; icon_fontawesome=&#8221;fa fa-quote-left&#8221;]\u00abLe he dado un sentido al estudio te\u00f3rico, he podido integrarlo todo. He sido capaz de ver la parte sencilla del proceso terap\u00e9utico y me he dado cuenta de que con muy poco puedes darlo todo. Adem\u00e1s, el hecho de tener los espacios de tutor\u00eda ha sido muy positivo\u00bb[\/vc_message][\/vc_column][\/vc_row][vc_row][vc_column][vc_message message_box_color=&#8221;danger&#8221; icon_fontawesome=&#8221;fa fa-quote-right&#8221;]\u00abHe adquirido herramientas y habilidades y he ganado fluidez en la pr\u00e1ctica. El espacio de supervisi\u00f3n me ha dado muchas ideas y el hecho de que haya un grupo donde pueda compartir mis impresiones me ha ayudado mucho\u00bb[\/vc_message][\/vc_column][\/vc_row][vc_row][vc_column][vc_message message_box_color=&#8221;alert-info&#8221; icon_fontawesome=&#8221;fa fa-quote-left&#8221;]\u00abHe experimentado una incorporaci\u00f3n y cambio de mirada \u2500menos lineal y m\u00e1s circular\u2500 que la teor\u00eda incorpora a la vida personal. He ganado mucha seguridad personal. Los tres cursos han sido una reconciliaci\u00f3n hacia la terapia y la vida\u00bb[\/vc_message][\/vc_column][\/vc_row][vc_row][vc_column][vc_message message_box_color=&#8221;alert-warning&#8221; icon_fontawesome=&#8221;fa fa-quote-right&#8221;]\u00abHe aprendido nuevas maneras de poder intervenir con las personas que les cuesta verbalizar. Tambi\u00e9n he superado mis carencias, y he conectado con muchas habilidades a la hora de manejar las sesiones para poder trabajar bien. El grupo reducido ha dado calidad\u00bb[\/vc_message][\/vc_column][\/vc_row][vc_row][vc_column][vc_column_text]Tras el retorno de percepciones, se ha propuesto hacer una din\u00e1mica llamada \u00aborg\u00eda\u00bb. \u00c9sta ha consistido en hacer que cada alumno y alumna y docente tengan que decir cosas positivas del resto. La actividad se ha llevado a cabo con mucha emoci\u00f3n debido al buen sentimiento de camarader\u00eda que se ha generado durante el curso. El grupo ha demostrado muy buena cohesi\u00f3n interna y esto les ha ayudado mucho en adquirir matices durante la formaci\u00f3n. Seg\u00fan el personal docente, , <strong>esta promoci\u00f3n ha destacado por su generosidad en el \u00e1mbito emocional<\/strong>.<\/p>\n<p>Finalmente, los diplomas han sido entregados y se ha ofrecido un aperitivo. Entre risas y animada charla, los y las alumnas del Postgrado ya se han convertido en terapeutas en Terapia Familiar. <strong>\u00a1Enhorabuena!<\/strong>[\/vc_column_text][\/vc_column][\/vc_row][vc_row][vc_column][vc_gallery interval=&#8221;3&#8243; images=&#8221;7270,7271,7272,7273,7274,7275,7276,7277&#8243; img_size=&#8221;full&#8221; onclick=&#8221;&#8221;][\/vc_column][\/vc_row]<\/p>\n<\/div>","protected":false},"excerpt":{"rendered":"<p>[vc_row][vc_column][vc_column_text]Mascarillas, botellas de gel hidroalcoh\u00f3lico, puertas bien abiertas&#8230; La Covid no ha sido un impedimento para celebrar la clausura del curso 2019-2020 del Postgrado en Pr\u00e1cticas terap\u00e9uticas supervisadas en Terapia Familiar. Antes de la entrega de los diplomas, el alumnado se ha podido reunir conjuntamente con el personal docente y de supervisi\u00f3n de Pr\u00e1cticas supervisadas de la Escuela Itinere \u2500Ana &#8230; <\/p>\n<p class=\"read-more-container\"><a title=\"Algo acaba para empezar otra: \u00a1ya podemos ejercer como terapeutas en Terapia Familiar!\" class=\"read-more button\" href=\"https:\/\/itinere.eduvic.coop\/es\/ejercer-como-terapeutas-en-terapia-familiar\/#more-8756\" aria-label=\"Leer m\u00e1s sobre Algo acaba para empezar otra: \u00a1ya podemos ejercer como terapeutas en Terapia Familiar!\">Llegir m\u00e9s<\/a><\/p>\n","protected":false},"author":4,"featured_media":8222,"comment_status":"closed","ping_status":"closed","sticky":false,"template":"","format":"standard","meta":{"_acf_changed":false,"footnotes":""},"categories":[147,150],"tags":[],"class_list":["post-8756","post","type-post","status-publish","format-standard","has-post-thumbnail","hentry","category-noticias","category-terapia-familiar-es","infinite-scroll-item","generate-columns","tablet-grid-50","mobile-grid-100","grid-parent","grid-33"],"acf":[],"yoast_head":"<!-- This site is optimized with the Yoast SEO plugin v27.2 - https:\/\/yoast.com\/product\/yoast-seo-wordpress\/ -->\n<title>Algo acaba para empezar otra: \u00a1ya podemos ejercer como terapeutas en Terapia Familiar! - EDUVIC \u00b7 Itinere<\/title>\n<meta name=\"description\" content=\"Los\/as alumnos\/as del curso 2019-2020 ya pueden ejercer como terapeutas en terapia familiar. Aqu\u00ed ten\u00e9is una recopilaci\u00f3n de la clausura.\" \/>\n<meta name=\"robots\" content=\"index, follow, max-snippet:-1, max-image-preview:large, max-video-preview:-1\" \/>\n<link rel=\"canonical\" href=\"https:\/\/itinere.eduvic.coop\/es\/ejercer-como-terapeutas-en-terapia-familiar\/\" \/>\n<meta property=\"og:locale\" content=\"es_ES\" \/>\n<meta property=\"og:type\" content=\"article\" \/>\n<meta property=\"og:title\" content=\"Algo acaba para empezar otra: \u00a1ya podemos ejercer como terapeutas en Terapia Familiar! - EDUVIC \u00b7 Itinere\" \/>\n<meta property=\"og:description\" content=\"Los\/as alumnos\/as del curso 2019-2020 ya pueden ejercer como terapeutas en terapia familiar. Aqu\u00ed ten\u00e9is una recopilaci\u00f3n de la clausura.\" \/>\n<meta property=\"og:url\" content=\"https:\/\/itinere.eduvic.coop\/es\/ejercer-como-terapeutas-en-terapia-familiar\/\" \/>\n<meta property=\"og:site_name\" content=\"EDUVIC \u00b7 Itinere\" \/>\n<meta property=\"article:published_time\" content=\"2020-07-17T08:11:27+00:00\" \/>\n<meta property=\"article:modified_time\" content=\"2025-10-06T09:42:51+00:00\" \/>\n<meta property=\"og:image\" content=\"https:\/\/itinere.eduvic.coop\/wp-content\/uploads\/2020\/07\/20-07-17-10-16-59-607_deco.jpg\" \/>\n\t<meta property=\"og:image:width\" content=\"1584\" \/>\n\t<meta property=\"og:image:height\" content=\"1188\" \/>\n\t<meta property=\"og:image:type\" content=\"image\/jpeg\" \/>\n<meta name=\"author\" content=\"MAD Systems, SCCL\" \/>\n<meta name=\"twitter:card\" content=\"summary_large_image\" \/>\n<meta name=\"twitter:label1\" content=\"Escrito por\" \/>\n\t<meta name=\"twitter:data1\" content=\"MAD Systems, SCCL\" \/>\n\t<meta name=\"twitter:label2\" content=\"Tiempo de lectura\" \/>\n\t<meta name=\"twitter:data2\" content=\"5 minutos\" \/>\n<script type=\"application\/ld+json\" class=\"yoast-schema-graph\">{\"@context\":\"https:\/\/schema.org\",\"@graph\":[{\"@type\":\"Article\",\"@id\":\"https:\/\/itinere.eduvic.coop\/es\/ejercer-como-terapeutas-en-terapia-familiar\/#article\",\"isPartOf\":{\"@id\":\"https:\/\/itinere.eduvic.coop\/es\/ejercer-como-terapeutas-en-terapia-familiar\/\"},\"author\":{\"name\":\"MAD Systems, SCCL\",\"@id\":\"https:\/\/itinere.eduvic.coop\/es\/#\/schema\/person\/86cb4267e72b51f074c3c247543c7ea8\"},\"headline\":\"Algo acaba para empezar otra: \u00a1ya podemos ejercer como terapeutas en Terapia Familiar!\",\"datePublished\":\"2020-07-17T08:11:27+00:00\",\"dateModified\":\"2025-10-06T09:42:51+00:00\",\"mainEntityOfPage\":{\"@id\":\"https:\/\/itinere.eduvic.coop\/es\/ejercer-como-terapeutas-en-terapia-familiar\/\"},\"wordCount\":706,\"publisher\":{\"@id\":\"https:\/\/itinere.eduvic.coop\/es\/#organization\"},\"image\":{\"@id\":\"https:\/\/itinere.eduvic.coop\/es\/ejercer-como-terapeutas-en-terapia-familiar\/#primaryimage\"},\"thumbnailUrl\":\"https:\/\/itinere.eduvic.coop\/wp-content\/uploads\/2020\/07\/20-07-17-10-16-59-607_deco.jpg\",\"articleSection\":[\"Noticias\",\"Terapia Familiar\"],\"inLanguage\":\"es\"},{\"@type\":\"WebPage\",\"@id\":\"https:\/\/itinere.eduvic.coop\/es\/ejercer-como-terapeutas-en-terapia-familiar\/\",\"url\":\"https:\/\/itinere.eduvic.coop\/es\/ejercer-como-terapeutas-en-terapia-familiar\/\",\"name\":\"Algo acaba para empezar otra: \u00a1ya podemos ejercer como terapeutas en Terapia Familiar! - EDUVIC \u00b7 Itinere\",\"isPartOf\":{\"@id\":\"https:\/\/itinere.eduvic.coop\/es\/#website\"},\"primaryImageOfPage\":{\"@id\":\"https:\/\/itinere.eduvic.coop\/es\/ejercer-como-terapeutas-en-terapia-familiar\/#primaryimage\"},\"image\":{\"@id\":\"https:\/\/itinere.eduvic.coop\/es\/ejercer-como-terapeutas-en-terapia-familiar\/#primaryimage\"},\"thumbnailUrl\":\"https:\/\/itinere.eduvic.coop\/wp-content\/uploads\/2020\/07\/20-07-17-10-16-59-607_deco.jpg\",\"datePublished\":\"2020-07-17T08:11:27+00:00\",\"dateModified\":\"2025-10-06T09:42:51+00:00\",\"description\":\"Los\/as alumnos\/as del curso 2019-2020 ya pueden ejercer como terapeutas en terapia familiar. Aqu\u00ed ten\u00e9is una recopilaci\u00f3n de la clausura.\",\"breadcrumb\":{\"@id\":\"https:\/\/itinere.eduvic.coop\/es\/ejercer-como-terapeutas-en-terapia-familiar\/#breadcrumb\"},\"inLanguage\":\"es\",\"potentialAction\":[{\"@type\":\"ReadAction\",\"target\":[\"https:\/\/itinere.eduvic.coop\/es\/ejercer-como-terapeutas-en-terapia-familiar\/\"]}]},{\"@type\":\"ImageObject\",\"inLanguage\":\"es\",\"@id\":\"https:\/\/itinere.eduvic.coop\/es\/ejercer-como-terapeutas-en-terapia-familiar\/#primaryimage\",\"url\":\"https:\/\/itinere.eduvic.coop\/wp-content\/uploads\/2020\/07\/20-07-17-10-16-59-607_deco.jpg\",\"contentUrl\":\"https:\/\/itinere.eduvic.coop\/wp-content\/uploads\/2020\/07\/20-07-17-10-16-59-607_deco.jpg\",\"width\":1584,\"height\":1188},{\"@type\":\"BreadcrumbList\",\"@id\":\"https:\/\/itinere.eduvic.coop\/es\/ejercer-como-terapeutas-en-terapia-familiar\/#breadcrumb\",\"itemListElement\":[{\"@type\":\"ListItem\",\"position\":1,\"name\":\"Inici\",\"item\":\"https:\/\/itinere.eduvic.coop\/es\/\"},{\"@type\":\"ListItem\",\"position\":2,\"name\":\"Algo acaba para empezar otra: \u00a1ya podemos ejercer como terapeutas en Terapia Familiar!\"}]},{\"@type\":\"WebSite\",\"@id\":\"https:\/\/itinere.eduvic.coop\/es\/#website\",\"url\":\"https:\/\/itinere.eduvic.coop\/es\/\",\"name\":\"EDUVIC \u00b7 Itinere\",\"description\":\"\",\"publisher\":{\"@id\":\"https:\/\/itinere.eduvic.coop\/es\/#organization\"},\"potentialAction\":[{\"@type\":\"SearchAction\",\"target\":{\"@type\":\"EntryPoint\",\"urlTemplate\":\"https:\/\/itinere.eduvic.coop\/es\/?s={search_term_string}\"},\"query-input\":{\"@type\":\"PropertyValueSpecification\",\"valueRequired\":true,\"valueName\":\"search_term_string\"}}],\"inLanguage\":\"es\"},{\"@type\":\"Organization\",\"@id\":\"https:\/\/itinere.eduvic.coop\/es\/#organization\",\"name\":\"EDUVIC \u00b7 Itinere\",\"url\":\"https:\/\/itinere.eduvic.coop\/es\/\",\"logo\":{\"@type\":\"ImageObject\",\"inLanguage\":\"es\",\"@id\":\"https:\/\/itinere.eduvic.coop\/es\/#\/schema\/logo\/image\/\",\"url\":\"https:\/\/itinere.eduvic.coop\/wp-content\/uploads\/2024\/04\/EDUVIC-ITINERE-2024.png\",\"contentUrl\":\"https:\/\/itinere.eduvic.coop\/wp-content\/uploads\/2024\/04\/EDUVIC-ITINERE-2024.png\",\"width\":5486,\"height\":2647,\"caption\":\"EDUVIC \u00b7 Itinere\"},\"image\":{\"@id\":\"https:\/\/itinere.eduvic.coop\/es\/#\/schema\/logo\/image\/\"},\"sameAs\":[\"https:\/\/www.instagram.com\/eduvic.itinere\/\",\"https:\/\/www.linkedin.com\/company\/82385485\/admin\/feed\/posts\/\"]},{\"@type\":\"Person\",\"@id\":\"https:\/\/itinere.eduvic.coop\/es\/#\/schema\/person\/86cb4267e72b51f074c3c247543c7ea8\",\"name\":\"MAD Systems, SCCL\",\"image\":{\"@type\":\"ImageObject\",\"inLanguage\":\"es\",\"@id\":\"https:\/\/secure.gravatar.com\/avatar\/ae80d9cec0d604d728583c2a4012a9233f1eccd650d802d69e8229472406634a?s=96&d=mm&r=g\",\"url\":\"https:\/\/secure.gravatar.com\/avatar\/ae80d9cec0d604d728583c2a4012a9233f1eccd650d802d69e8229472406634a?s=96&d=mm&r=g\",\"contentUrl\":\"https:\/\/secure.gravatar.com\/avatar\/ae80d9cec0d604d728583c2a4012a9233f1eccd650d802d69e8229472406634a?s=96&d=mm&r=g\",\"caption\":\"MAD Systems, SCCL\"}}]}<\/script>\n<!-- \/ Yoast SEO plugin. -->","yoast_head_json":{"title":"Algo acaba para empezar otra: \u00a1ya podemos ejercer como terapeutas en Terapia Familiar! - EDUVIC \u00b7 Itinere","description":"Los\/as alumnos\/as del curso 2019-2020 ya pueden ejercer como terapeutas en terapia familiar. Aqu\u00ed ten\u00e9is una recopilaci\u00f3n de la clausura.","robots":{"index":"index","follow":"follow","max-snippet":"max-snippet:-1","max-image-preview":"max-image-preview:large","max-video-preview":"max-video-preview:-1"},"canonical":"https:\/\/itinere.eduvic.coop\/es\/ejercer-como-terapeutas-en-terapia-familiar\/","og_locale":"es_ES","og_type":"article","og_title":"Algo acaba para empezar otra: \u00a1ya podemos ejercer como terapeutas en Terapia Familiar! - EDUVIC \u00b7 Itinere","og_description":"Los\/as alumnos\/as del curso 2019-2020 ya pueden ejercer como terapeutas en terapia familiar. Aqu\u00ed ten\u00e9is una recopilaci\u00f3n de la clausura.","og_url":"https:\/\/itinere.eduvic.coop\/es\/ejercer-como-terapeutas-en-terapia-familiar\/","og_site_name":"EDUVIC \u00b7 Itinere","article_published_time":"2020-07-17T08:11:27+00:00","article_modified_time":"2025-10-06T09:42:51+00:00","og_image":[{"width":1584,"height":1188,"url":"https:\/\/itinere.eduvic.coop\/wp-content\/uploads\/2020\/07\/20-07-17-10-16-59-607_deco.jpg","type":"image\/jpeg"}],"author":"MAD Systems, SCCL","twitter_card":"summary_large_image","twitter_misc":{"Escrito por":"MAD Systems, SCCL","Tiempo de lectura":"5 minutos"},"schema":{"@context":"https:\/\/schema.org","@graph":[{"@type":"Article","@id":"https:\/\/itinere.eduvic.coop\/es\/ejercer-como-terapeutas-en-terapia-familiar\/#article","isPartOf":{"@id":"https:\/\/itinere.eduvic.coop\/es\/ejercer-como-terapeutas-en-terapia-familiar\/"},"author":{"name":"MAD Systems, SCCL","@id":"https:\/\/itinere.eduvic.coop\/es\/#\/schema\/person\/86cb4267e72b51f074c3c247543c7ea8"},"headline":"Algo acaba para empezar otra: \u00a1ya podemos ejercer como terapeutas en Terapia Familiar!","datePublished":"2020-07-17T08:11:27+00:00","dateModified":"2025-10-06T09:42:51+00:00","mainEntityOfPage":{"@id":"https:\/\/itinere.eduvic.coop\/es\/ejercer-como-terapeutas-en-terapia-familiar\/"},"wordCount":706,"publisher":{"@id":"https:\/\/itinere.eduvic.coop\/es\/#organization"},"image":{"@id":"https:\/\/itinere.eduvic.coop\/es\/ejercer-como-terapeutas-en-terapia-familiar\/#primaryimage"},"thumbnailUrl":"https:\/\/itinere.eduvic.coop\/wp-content\/uploads\/2020\/07\/20-07-17-10-16-59-607_deco.jpg","articleSection":["Noticias","Terapia Familiar"],"inLanguage":"es"},{"@type":"WebPage","@id":"https:\/\/itinere.eduvic.coop\/es\/ejercer-como-terapeutas-en-terapia-familiar\/","url":"https:\/\/itinere.eduvic.coop\/es\/ejercer-como-terapeutas-en-terapia-familiar\/","name":"Algo acaba para empezar otra: \u00a1ya podemos ejercer como terapeutas en Terapia Familiar! - EDUVIC \u00b7 Itinere","isPartOf":{"@id":"https:\/\/itinere.eduvic.coop\/es\/#website"},"primaryImageOfPage":{"@id":"https:\/\/itinere.eduvic.coop\/es\/ejercer-como-terapeutas-en-terapia-familiar\/#primaryimage"},"image":{"@id":"https:\/\/itinere.eduvic.coop\/es\/ejercer-como-terapeutas-en-terapia-familiar\/#primaryimage"},"thumbnailUrl":"https:\/\/itinere.eduvic.coop\/wp-content\/uploads\/2020\/07\/20-07-17-10-16-59-607_deco.jpg","datePublished":"2020-07-17T08:11:27+00:00","dateModified":"2025-10-06T09:42:51+00:00","description":"Los\/as alumnos\/as del curso 2019-2020 ya pueden ejercer como terapeutas en terapia familiar. Aqu\u00ed ten\u00e9is una recopilaci\u00f3n de la clausura.","breadcrumb":{"@id":"https:\/\/itinere.eduvic.coop\/es\/ejercer-como-terapeutas-en-terapia-familiar\/#breadcrumb"},"inLanguage":"es","potentialAction":[{"@type":"ReadAction","target":["https:\/\/itinere.eduvic.coop\/es\/ejercer-como-terapeutas-en-terapia-familiar\/"]}]},{"@type":"ImageObject","inLanguage":"es","@id":"https:\/\/itinere.eduvic.coop\/es\/ejercer-como-terapeutas-en-terapia-familiar\/#primaryimage","url":"https:\/\/itinere.eduvic.coop\/wp-content\/uploads\/2020\/07\/20-07-17-10-16-59-607_deco.jpg","contentUrl":"https:\/\/itinere.eduvic.coop\/wp-content\/uploads\/2020\/07\/20-07-17-10-16-59-607_deco.jpg","width":1584,"height":1188},{"@type":"BreadcrumbList","@id":"https:\/\/itinere.eduvic.coop\/es\/ejercer-como-terapeutas-en-terapia-familiar\/#breadcrumb","itemListElement":[{"@type":"ListItem","position":1,"name":"Inici","item":"https:\/\/itinere.eduvic.coop\/es\/"},{"@type":"ListItem","position":2,"name":"Algo acaba para empezar otra: \u00a1ya podemos ejercer como terapeutas en Terapia Familiar!"}]},{"@type":"WebSite","@id":"https:\/\/itinere.eduvic.coop\/es\/#website","url":"https:\/\/itinere.eduvic.coop\/es\/","name":"EDUVIC \u00b7 Itinere","description":"","publisher":{"@id":"https:\/\/itinere.eduvic.coop\/es\/#organization"},"potentialAction":[{"@type":"SearchAction","target":{"@type":"EntryPoint","urlTemplate":"https:\/\/itinere.eduvic.coop\/es\/?s={search_term_string}"},"query-input":{"@type":"PropertyValueSpecification","valueRequired":true,"valueName":"search_term_string"}}],"inLanguage":"es"},{"@type":"Organization","@id":"https:\/\/itinere.eduvic.coop\/es\/#organization","name":"EDUVIC \u00b7 Itinere","url":"https:\/\/itinere.eduvic.coop\/es\/","logo":{"@type":"ImageObject","inLanguage":"es","@id":"https:\/\/itinere.eduvic.coop\/es\/#\/schema\/logo\/image\/","url":"https:\/\/itinere.eduvic.coop\/wp-content\/uploads\/2024\/04\/EDUVIC-ITINERE-2024.png","contentUrl":"https:\/\/itinere.eduvic.coop\/wp-content\/uploads\/2024\/04\/EDUVIC-ITINERE-2024.png","width":5486,"height":2647,"caption":"EDUVIC \u00b7 Itinere"},"image":{"@id":"https:\/\/itinere.eduvic.coop\/es\/#\/schema\/logo\/image\/"},"sameAs":["https:\/\/www.instagram.com\/eduvic.itinere\/","https:\/\/www.linkedin.com\/company\/82385485\/admin\/feed\/posts\/"]},{"@type":"Person","@id":"https:\/\/itinere.eduvic.coop\/es\/#\/schema\/person\/86cb4267e72b51f074c3c247543c7ea8","name":"MAD Systems, SCCL","image":{"@type":"ImageObject","inLanguage":"es","@id":"https:\/\/secure.gravatar.com\/avatar\/ae80d9cec0d604d728583c2a4012a9233f1eccd650d802d69e8229472406634a?s=96&d=mm&r=g","url":"https:\/\/secure.gravatar.com\/avatar\/ae80d9cec0d604d728583c2a4012a9233f1eccd650d802d69e8229472406634a?s=96&d=mm&r=g","contentUrl":"https:\/\/secure.gravatar.com\/avatar\/ae80d9cec0d604d728583c2a4012a9233f1eccd650d802d69e8229472406634a?s=96&d=mm&r=g","caption":"MAD Systems, SCCL"}}]}},"_links":{"self":[{"href":"https:\/\/itinere.eduvic.coop\/es\/wp-json\/wp\/v2\/posts\/8756","targetHints":{"allow":["GET"]}}],"collection":[{"href":"https:\/\/itinere.eduvic.coop\/es\/wp-json\/wp\/v2\/posts"}],"about":[{"href":"https:\/\/itinere.eduvic.coop\/es\/wp-json\/wp\/v2\/types\/post"}],"author":[{"embeddable":true,"href":"https:\/\/itinere.eduvic.coop\/es\/wp-json\/wp\/v2\/users\/4"}],"replies":[{"embeddable":true,"href":"https:\/\/itinere.eduvic.coop\/es\/wp-json\/wp\/v2\/comments?post=8756"}],"version-history":[{"count":5,"href":"https:\/\/itinere.eduvic.coop\/es\/wp-json\/wp\/v2\/posts\/8756\/revisions"}],"predecessor-version":[{"id":8761,"href":"https:\/\/itinere.eduvic.coop\/es\/wp-json\/wp\/v2\/posts\/8756\/revisions\/8761"}],"wp:featuredmedia":[{"embeddable":true,"href":"https:\/\/itinere.eduvic.coop\/es\/wp-json\/wp\/v2\/media\/8222"}],"wp:attachment":[{"href":"https:\/\/itinere.eduvic.coop\/es\/wp-json\/wp\/v2\/media?parent=8756"}],"wp:term":[{"taxonomy":"category","embeddable":true,"href":"https:\/\/itinere.eduvic.coop\/es\/wp-json\/wp\/v2\/categories?post=8756"},{"taxonomy":"post_tag","embeddable":true,"href":"https:\/\/itinere.eduvic.coop\/es\/wp-json\/wp\/v2\/tags?post=8756"}],"curies":[{"name":"wp","href":"https:\/\/api.w.org\/{rel}","templated":true}]}}