{"id":8739,"date":"2021-06-10T13:36:55","date_gmt":"2021-06-10T12:36:55","guid":{"rendered":"https:\/\/eduvic.dev.madsys.com\/itinere23\/oferta-formativa-escola-itinere-2021-2022\/"},"modified":"2025-10-06T10:04:09","modified_gmt":"2025-10-06T09:04:09","slug":"oferta-formativa-eduvic-itinere-2021-2022","status":"publish","type":"post","link":"https:\/\/itinere.eduvic.coop\/es\/oferta-formativa-eduvic-itinere-2021-2022\/","title":{"rendered":"OFERTA FORMATIVA EDUVIC \u00b7 ITINERE 2021-2022"},"content":{"rendered":"<div class=\"wpb-content-wrapper\"><p>[vc_row][vc_column][vc_column_text]<\/p>\n<p style=\"text-align: justify;\">EDUVIC Escola Itinere dispone de conocimientos y herramientas para la capacitaci\u00f3n profesional desde el paradigma sist\u00e9mico, la neurociencia aplicada y la pedagog\u00eda. Es un espacio para la reflexi\u00f3n y la investigaci\u00f3n en el \u00e1mbito de la intervenci\u00f3n familiar, social y educativa. Ofrece servicios de formaci\u00f3n, supervisi\u00f3n, consultor\u00eda e investigaci\u00f3n.<\/p>\n<p>[\/vc_column_text][\/vc_column][\/vc_row][vc_row][vc_column][\/vc_column][\/vc_row][vc_row][vc_column][vc_column_text]<\/p>\n<h3>Oferta formativa de postgrados y m\u00e1sters<\/h3>\n<p>[\/vc_column_text][\/vc_column][\/vc_row][vc_row][vc_column width=&#8221;1\/2&#8243;][vc_btn title=&#8221;Postgrado Intervenci\u00f3n en Atenci\u00f3n Precoz: primera infancia y familia&#8221; color=&#8221;orange&#8221; size=&#8221;lg&#8221; custom_onclick=&#8221;true&#8221; link=&#8221;url:https%3A%2F%2Fwww.il3.ub.edu%2Fca%2Fpostgrau-intervencion-atencio-primerenca-primera-infancia-familia|target:%20_blank|&#8221;][vc_column_text]<\/p>\n<p style=\"text-align: justify;\">Curso especializado en la prevenci\u00f3n, detecci\u00f3n e intervenci\u00f3n de todos los trastornos \u2500ya sean graves y permanentes o leves y transitorios\u2500 que puedan aparecer en ni\u00f1os de entre los 0 y 6 a\u00f1os de edad, as\u00ed como en la intervenci\u00f3n en el entorno socioeducativo y sanitario del ni\u00f1o y su familia.<\/p>\n<p style=\"text-align: justify;\">Se desarrollan recursos y estrategias para orientar y asesorar a las familias en el acompa\u00f1amiento de la crianza o en el proceso de aceptaci\u00f3n de las necesidades y las dificultades espec\u00edficas de hijos e hijas.<\/p>\n<p>[\/vc_column_text][vc_column_text]En colaboraci\u00f3n con:<\/p>\n<p><img loading=\"lazy\" decoding=\"async\" class=\"alignnone wp-image-6704\" src=\"https:\/\/itinere.eduvic.coop\/wp-content\/uploads\/sites\/11\/2020\/06\/logo_il3ub.png\" alt=\"\" width=\"178\" height=\"44\" \/><img loading=\"lazy\" decoding=\"async\" class=\"alignnone wp-image-6700\" src=\"https:\/\/itinere.eduvic.coop\/wp-content\/uploads\/sites\/11\/2020\/06\/2136_256_256_0.jpg\" alt=\"\" width=\"85\" height=\"40\" \/>[\/vc_column_text][\/vc_column][vc_column width=&#8221;1\/2&#8243;][vc_btn title=&#8221;M\u00e1ster en Atenci\u00f3n Precoz y Familia&#8221; color=&#8221;sandy-brown&#8221; size=&#8221;lg&#8221; align=&#8221;center&#8221; button_block=&#8221;true&#8221; custom_onclick=&#8221;true&#8221; link=&#8221;url:https%3A%2F%2Fwww.landing-il3-ub.com%2Fmaster-en-atencion-temprana-y-familia%2F|target:%20_blank|&#8221;][vc_column_text]<\/p>\n<p style=\"text-align: justify;\">Este m\u00e1ster permite capacitarse como profesional para la intervenci\u00f3n en la Atenci\u00f3n Temprana. El curso se fundamenta en una metodolog\u00eda individualizada a partir de la tutor\u00eda individual y grupal.<\/p>\n<p style=\"text-align: justify;\">Ofrece conocimientos y estrategias terap\u00e9uticas de trabajo con ni\u00f1os y ni\u00f1as que presenten disminuciones o trastornos en su desarrollo o est\u00e9n en riesgo de sufrirlas.<\/p>\n<p>[\/vc_column_text][vc_empty_space height=&#8221;48px&#8221;][vc_column_text]<\/p>\n<p>En colaboraci\u00f3n con:<\/p>\n<p><img loading=\"lazy\" decoding=\"async\" class=\"alignnone wp-image-6704\" src=\"https:\/\/itinere.eduvic.coop\/wp-content\/uploads\/sites\/11\/2020\/06\/logo_il3ub.png\" alt=\"\" width=\"178\" height=\"44\" \/><img loading=\"lazy\" decoding=\"async\" class=\"alignnone wp-image-6700\" src=\"https:\/\/itinere.eduvic.coop\/wp-content\/uploads\/sites\/11\/2020\/06\/2136_256_256_0.jpg\" alt=\"\" width=\"85\" height=\"40\" \/>[\/vc_column_text][\/vc_column][\/vc_row][vc_row][vc_column width=&#8221;1\/2&#8243;][vc_btn title=&#8221;Postgrado en Intervenci\u00f3n Familiar Socioeducativa&#8221; color=&#8221;orange&#8221; size=&#8221;lg&#8221; align=&#8221;center&#8221; button_block=&#8221;true&#8221; link=&#8221;url:https%3A%2F%2Fwww.il3.ub.edu%2Fca%2Fpostgrau-intervencion-familiar-socioeducativa|target:%20_blank|&#8221;][vc_column_text]<\/p>\n<p style=\"text-align: justify;\">Con este posgrado se obtiene una formaci\u00f3n b\u00e1sica en la Intervenci\u00f3n Familiar. Se fundamenta en el modelo sist\u00e9mico y la terapia familiar, la terapia breve estrat\u00e9gica, la acci\u00f3n socioeducativa aportada por la pedagog\u00eda social, la educaci\u00f3n social, el trabajo social y la pr\u00e1ctica reflexiva.<\/p>\n<p style=\"text-align: justify;\">Con esta formaci\u00f3n se puede acceder al m\u00e1ster, de dos a\u00f1os, que capacita al alumno como experto\/a en Terapia Familiar Socieducativa.<\/p>\n<p>&nbsp;<\/p>\n<p>[\/vc_column_text][vc_empty_space height=&#8221;15px&#8221;][vc_column_text]En colaboraci\u00f3n con:<\/p>\n<p><img loading=\"lazy\" decoding=\"async\" class=\"alignnone wp-image-6704\" src=\"https:\/\/itinere.eduvic.coop\/wp-content\/uploads\/sites\/11\/2020\/06\/logo_il3ub.png\" alt=\"\" width=\"178\" height=\"44\" \/>[\/vc_column_text][\/vc_column][vc_column width=&#8221;1\/2&#8243;][vc_btn title=&#8221;M\u00e1ster en Terapia Familiar Socioeducativa&#8221; color=&#8221;sandy-brown&#8221; size=&#8221;lg&#8221; align=&#8221;center&#8221; button_block=&#8221;true&#8221; link=&#8221;url:https%3A%2F%2Fwww.landing-il3-ub.com%2Fmaster-en-terapia-familiar-socioeducativa%2F|target:%20_blank|&#8221;][vc_column_text]<\/p>\n<p style=\"text-align: justify;\">Este m\u00e1ster ofrece una formaci\u00f3n especializada en Intervenci\u00f3n familiar y da acceso al posgrado en Pr\u00e1cticas Supervisadas de la Escola Itinere, que permite obtener el t\u00edtulo de terapeuta familiar.<\/p>\n<p style=\"text-align: justify;\">Permite capacitar profesionales para que ayuden a las familias a superar disfuncionalidades a trav\u00e9s de un proceso terap\u00e9utico de intervenci\u00f3n. Dispone de una metodolog\u00eda con un peso espec\u00edfico en la formaci\u00f3n experiencial basada en la reflexi\u00f3n personal de la familia de origen, las propias creencias y el estilo profesional.<\/p>\n<p>[\/vc_column_text][vc_column_text]En colaboraci\u00f3n con:<\/p>\n<p><img loading=\"lazy\" decoding=\"async\" class=\"alignnone wp-image-6704\" src=\"https:\/\/itinere.eduvic.coop\/wp-content\/uploads\/sites\/11\/2020\/06\/logo_il3ub.png\" alt=\"\" width=\"178\" height=\"44\" \/>[\/vc_column_text][\/vc_column][\/vc_row][vc_row][vc_column width=&#8221;1\/2&#8243;][vc_btn title=&#8221;Postgrado en Pr\u00e1cticas Supervisadas en Terapia Familiar&#8221; color=&#8221;info&#8221; size=&#8221;lg&#8221; link=&#8221;url:https%3A%2F%2Fitinere.eduvic.coop%2Fcourse%2Fpostgrado-en-practicas-supervisadas-en-terapia-familiar-2%2F|target:%20_blank|&#8221;][vc_column_text]<\/p>\n<p style=\"text-align: justify;\">Formaci\u00f3n especializada de tercer nivel para los profesionales del sector social y socioeducativo que, habiendo superado la formaci\u00f3n b\u00e1sica y avance en terapia familiar, quieran ejercer el rol de terapeuta y co-terapeutafamiliar. Se desarrolla bajo la supervisi\u00f3n de un profesional Terapeuta familiar y Docente supervisor acreditados por la Federaci\u00f3n Espa\u00f1ola de Asociaciones de Terapia Familiar (FEATF) y permite acreditarse como Terapeuta Familiar.<\/p>\n<p>[\/vc_column_text][\/vc_column][\/vc_row][vc_row][vc_column][vc_empty_space][vc_column_text]<\/p>\n<h3>\u00bfEn qu\u00e9 nos diferenciamos?<\/h3>\n<p>[\/vc_column_text][vc_column_text]<span style=\"color: #ff6600;\"><strong>\u00bfPor qu\u00e9 Escola Itinere?<\/strong><\/span><\/p>\n<p style=\"text-align: justify;\">EDUVIC\u00b7Escola Itinere est\u00e1 especializada en la formaci\u00f3n de Terapia Familiar Socioeducativa, cuyos m\u00e1steres y postgrados est\u00e1n reconocidos por la Federaci\u00f3n Espa\u00f1ola de Asociaciones de Terapia Familiar (FEATF). Gracias a su s\u00f3lida base y experiencia tambi\u00e9n ofrece otros cursos como el de Intervenci\u00f3n y Atenci\u00f3n temprana y Familia u otros relacionados con el mundo del Deporte Implicado. Siempre implicadas y vinculadas a la intervenci\u00f3n social y educativa.<\/p>\n<p style=\"text-align: justify;\">La Escola cuenta con las \u00faltimas innovaciones tecnol\u00f3gicas en sistemas y aplicativos de la informaci\u00f3n y la comunicaci\u00f3n. Esto le permite desarrollar su potencial para facilitar una <strong>formaci\u00f3n tanto online como presencial y, a la vez,<\/strong> <strong>unos<\/strong> <strong>servicios de proximidad<\/strong>.<\/p>\n<p style=\"text-align: justify;\">Tambi\u00e9n ofrece <strong>servicios de consultor\u00eda<\/strong><strong>y supervisi\u00f3n<\/strong>, y dispone de un<strong>departamento de investigaci\u00f3n<\/strong> especializado en la detecci\u00f3n y estudio de necesidades.<\/p>\n<p>&nbsp;<\/p>\n<p><span style=\"color: #ff6600;\"><strong>Nuestro modelo educativo<\/strong><\/span><\/p>\n<p style=\"text-align: justify;\">EDUVIC \u00b7 Escola Itinere ofrece un modelo propio, vivo, cr\u00edtico, participativo y comprometido con la sociedad. Esto permite tener una visi\u00f3n abierta e innovadora a la hora de impartir sus formaciones. Se priorizan las necesidades de los alumnos y la adaptaci\u00f3n del modelo educativo al entorno social del momento.<\/p>\n<p style=\"text-align: justify;\">Para conseguirlo, la Escola Itinere ha establecido cinco ejes que vertebran el modelo:<\/p>\n<p style=\"text-align: justify;\"><strong>Visi\u00f3n pr\u00e1ctica<\/strong><\/p>\n<p style=\"text-align: justify;\">El equipo docente est\u00e1 configurado por profesionales siempre en activo que compaginan la docencia con su praxis diaria relacionada con los contenidos que imparten.<\/p>\n<p style=\"text-align: justify;\"><strong>Acompa\u00f1amiento personalizado<\/strong><\/p>\n<p style=\"text-align: justify;\">Apostamos por ofrecer servicios de proximidad con un alto seguimiento personalizado por parte de los docentes. Todas las formaciones est\u00e1n tutorizadas y la formaci\u00f3n tiene un car\u00e1cter dial\u00f3gico que da respuesta a las necesidades actuales de las personas participantes.<\/p>\n<p style=\"text-align: justify;\"><strong>Los tres saberes de Itinere<\/strong><\/p>\n<p style=\"text-align: justify;\">SABER: tanto docentes como alumnos son participantes en la construcci\u00f3n del saber y es por eso que el bagaje intelectual y experiencial de todos los participantes enriquecen activamente el contenido de las formaciones.<\/p>\n<p style=\"text-align: justify;\">SABER HACER: integramos siempre la observaci\u00f3n de casos reales, las simulaciones y las pr\u00e1cticas como m\u00e9todo formativo.<\/p>\n<p style=\"text-align: justify;\">SABER SER Y ESTAR: la Escola Itinere es pionera en la introducci\u00f3n de recorridos experienciales en sus curr\u00edculums acad\u00e9micos. La reflexi\u00f3n sobre la pr\u00e1ctica profesionales y el autoconocimiento son b\u00e1sicos para ejercer el trabajo de forma \u00e9tica y sin limitaciones impuestas por nuestras experiencias personales.<\/p>\n<p style=\"text-align: justify;\"><strong>La socializaci\u00f3n del conocimiento y la accesibilidad<\/strong><\/p>\n<p style=\"text-align: justify;\">Se apuesta por la interactividad y la comunicaci\u00f3n que las TIC ofrecen en tiempo real para favorecer el trabajo en red y disponer de entornos colaborativos. De este modo se facilita el acceso a formaci\u00f3n continua y especializada de calidad a profesionales de todas partes del mundo.<\/p>\n<ul>\n<li style=\"text-align: justify;\"><strong>Flexibilidad en la oferta de servicios<\/strong><\/li>\n<\/ul>\n<p style=\"text-align: justify;\">La formaci\u00f3n, supervisi\u00f3n, consultor\u00eda e investigaci\u00f3n se pueden dise\u00f1ar a medida de las necesidades de qui\u00e9n contrate (profesionales y empresas).<\/p>\n<p>&nbsp;<\/p>\n<p>[\/vc_column_text][vc_column_text]<\/p>\n<h2 style=\"text-align: center;\">\u00bfQuieres saber algo m\u00e1s? \u00bfTienes alguna duda?<\/h2>\n<p style=\"text-align: center;\">\u2b07\u2b07\u2b07<\/p>\n<p>[\/vc_column_text][vc_btn title=&#8221;Contacta con nosotros!&#8221; color=&#8221;info&#8221; size=&#8221;lg&#8221; align=&#8221;center&#8221; custom_onclick=&#8221;true&#8221; link=&#8221;url:https%3A%2F%2Feduvic.dev.madsys.com%2Fitinere23%2Fes%2Fcontacto%2F|&#8221;][vc_empty_space][\/vc_column][\/vc_row][vc_row][vc_column][vc_single_image image=&#8221;7258&#8243; img_size=&#8221;full&#8221;][\/vc_column][\/vc_row]<\/p>\n<\/div>","protected":false},"excerpt":{"rendered":"<p>[vc_row][vc_column][vc_column_text] EDUVIC Escola Itinere dispone de conocimientos y herramientas para la capacitaci\u00f3n profesional desde el paradigma sist\u00e9mico, la neurociencia aplicada y la pedagog\u00eda. Es un espacio para la reflexi\u00f3n y la investigaci\u00f3n en el \u00e1mbito de la intervenci\u00f3n familiar, social y educativa. Ofrece servicios de formaci\u00f3n, supervisi\u00f3n, consultor\u00eda e investigaci\u00f3n. [\/vc_column_text][\/vc_column][\/vc_row][vc_row][vc_column][\/vc_column][\/vc_row][vc_row][vc_column][vc_column_text] Oferta formativa de postgrados y m\u00e1sters [\/vc_column_text][\/vc_column][\/vc_row][vc_row][vc_column width=&#8221;1\/2&#8243;][vc_btn title=&#8221;Postgrado &#8230; <\/p>\n<p class=\"read-more-container\"><a title=\"OFERTA FORMATIVA EDUVIC \u00b7 ITINERE 2021-2022\" class=\"read-more button\" href=\"https:\/\/itinere.eduvic.coop\/es\/oferta-formativa-eduvic-itinere-2021-2022\/#more-8739\" aria-label=\"Leer m\u00e1s sobre OFERTA FORMATIVA EDUVIC \u00b7 ITINERE 2021-2022\">Llegir m\u00e9s<\/a><\/p>\n","protected":false},"author":4,"featured_media":8218,"comment_status":"closed","ping_status":"closed","sticky":false,"template":"","format":"standard","meta":{"_acf_changed":false,"footnotes":""},"categories":[147],"tags":[],"class_list":["post-8739","post","type-post","status-publish","format-standard","has-post-thumbnail","hentry","category-noticias","infinite-scroll-item","generate-columns","tablet-grid-50","mobile-grid-100","grid-parent","grid-33"],"acf":[],"yoast_head":"<!-- This site is optimized with the Yoast SEO plugin v27.2 - https:\/\/yoast.com\/product\/yoast-seo-wordpress\/ -->\n<title>OFERTA FORMATIVA EDUVIC \u00b7 ITINERE 2021-2022 - EDUVIC \u00b7 Itinere<\/title>\n<meta name=\"description\" content=\"Oferta formativa de m\u00e1sters y postgrados de formaci\u00f3n cont\u00ednua de EDUVIC \u00b7 Itinere, IL3-UB y Delta para el curso 2021-2022.\" \/>\n<meta name=\"robots\" content=\"index, follow, max-snippet:-1, max-image-preview:large, max-video-preview:-1\" \/>\n<link rel=\"canonical\" href=\"https:\/\/itinere.eduvic.coop\/es\/oferta-formativa-eduvic-itinere-2021-2022\/\" \/>\n<meta property=\"og:locale\" content=\"es_ES\" \/>\n<meta property=\"og:type\" content=\"article\" \/>\n<meta property=\"og:title\" content=\"OFERTA FORMATIVA EDUVIC \u00b7 ITINERE 2021-2022 - EDUVIC \u00b7 Itinere\" \/>\n<meta property=\"og:description\" content=\"Oferta formativa de m\u00e1sters y postgrados de formaci\u00f3n cont\u00ednua de EDUVIC \u00b7 Itinere, IL3-UB y Delta para el curso 2021-2022.\" \/>\n<meta property=\"og:url\" content=\"https:\/\/itinere.eduvic.coop\/es\/oferta-formativa-eduvic-itinere-2021-2022\/\" \/>\n<meta property=\"og:site_name\" content=\"EDUVIC \u00b7 Itinere\" \/>\n<meta property=\"article:published_time\" content=\"2021-06-10T12:36:55+00:00\" \/>\n<meta property=\"article:modified_time\" content=\"2025-10-06T09:04:09+00:00\" \/>\n<meta property=\"og:image\" content=\"https:\/\/itinere.eduvic.coop\/wp-content\/uploads\/2021\/06\/itinere-02-scaled-1.jpg\" \/>\n\t<meta property=\"og:image:width\" content=\"2560\" \/>\n\t<meta property=\"og:image:height\" content=\"1194\" \/>\n\t<meta property=\"og:image:type\" content=\"image\/jpeg\" \/>\n<meta name=\"author\" content=\"MAD Systems, SCCL\" \/>\n<meta name=\"twitter:card\" content=\"summary_large_image\" \/>\n<meta name=\"twitter:label1\" content=\"Escrito por\" \/>\n\t<meta name=\"twitter:data1\" content=\"MAD Systems, SCCL\" \/>\n\t<meta name=\"twitter:label2\" content=\"Tiempo de lectura\" \/>\n\t<meta name=\"twitter:data2\" content=\"7 minutos\" \/>\n<script type=\"application\/ld+json\" class=\"yoast-schema-graph\">{\"@context\":\"https:\/\/schema.org\",\"@graph\":[{\"@type\":\"Article\",\"@id\":\"https:\/\/itinere.eduvic.coop\/es\/oferta-formativa-eduvic-itinere-2021-2022\/#article\",\"isPartOf\":{\"@id\":\"https:\/\/itinere.eduvic.coop\/es\/oferta-formativa-eduvic-itinere-2021-2022\/\"},\"author\":{\"name\":\"MAD Systems, SCCL\",\"@id\":\"https:\/\/itinere.eduvic.coop\/es\/#\/schema\/person\/86cb4267e72b51f074c3c247543c7ea8\"},\"headline\":\"OFERTA FORMATIVA EDUVIC \u00b7 ITINERE 2021-2022\",\"datePublished\":\"2021-06-10T12:36:55+00:00\",\"dateModified\":\"2025-10-06T09:04:09+00:00\",\"mainEntityOfPage\":{\"@id\":\"https:\/\/itinere.eduvic.coop\/es\/oferta-formativa-eduvic-itinere-2021-2022\/\"},\"wordCount\":1358,\"publisher\":{\"@id\":\"https:\/\/itinere.eduvic.coop\/es\/#organization\"},\"image\":{\"@id\":\"https:\/\/itinere.eduvic.coop\/es\/oferta-formativa-eduvic-itinere-2021-2022\/#primaryimage\"},\"thumbnailUrl\":\"https:\/\/itinere.eduvic.coop\/wp-content\/uploads\/2021\/06\/itinere-02-scaled-1.jpg\",\"articleSection\":[\"Noticias\"],\"inLanguage\":\"es\"},{\"@type\":\"WebPage\",\"@id\":\"https:\/\/itinere.eduvic.coop\/es\/oferta-formativa-eduvic-itinere-2021-2022\/\",\"url\":\"https:\/\/itinere.eduvic.coop\/es\/oferta-formativa-eduvic-itinere-2021-2022\/\",\"name\":\"OFERTA FORMATIVA EDUVIC \u00b7 ITINERE 2021-2022 - EDUVIC \u00b7 Itinere\",\"isPartOf\":{\"@id\":\"https:\/\/itinere.eduvic.coop\/es\/#website\"},\"primaryImageOfPage\":{\"@id\":\"https:\/\/itinere.eduvic.coop\/es\/oferta-formativa-eduvic-itinere-2021-2022\/#primaryimage\"},\"image\":{\"@id\":\"https:\/\/itinere.eduvic.coop\/es\/oferta-formativa-eduvic-itinere-2021-2022\/#primaryimage\"},\"thumbnailUrl\":\"https:\/\/itinere.eduvic.coop\/wp-content\/uploads\/2021\/06\/itinere-02-scaled-1.jpg\",\"datePublished\":\"2021-06-10T12:36:55+00:00\",\"dateModified\":\"2025-10-06T09:04:09+00:00\",\"description\":\"Oferta formativa de m\u00e1sters y postgrados de formaci\u00f3n cont\u00ednua de EDUVIC \u00b7 Itinere, IL3-UB y Delta para el curso 2021-2022.\",\"breadcrumb\":{\"@id\":\"https:\/\/itinere.eduvic.coop\/es\/oferta-formativa-eduvic-itinere-2021-2022\/#breadcrumb\"},\"inLanguage\":\"es\",\"potentialAction\":[{\"@type\":\"ReadAction\",\"target\":[\"https:\/\/itinere.eduvic.coop\/es\/oferta-formativa-eduvic-itinere-2021-2022\/\"]}]},{\"@type\":\"ImageObject\",\"inLanguage\":\"es\",\"@id\":\"https:\/\/itinere.eduvic.coop\/es\/oferta-formativa-eduvic-itinere-2021-2022\/#primaryimage\",\"url\":\"https:\/\/itinere.eduvic.coop\/wp-content\/uploads\/2021\/06\/itinere-02-scaled-1.jpg\",\"contentUrl\":\"https:\/\/itinere.eduvic.coop\/wp-content\/uploads\/2021\/06\/itinere-02-scaled-1.jpg\",\"width\":2560,\"height\":1194},{\"@type\":\"BreadcrumbList\",\"@id\":\"https:\/\/itinere.eduvic.coop\/es\/oferta-formativa-eduvic-itinere-2021-2022\/#breadcrumb\",\"itemListElement\":[{\"@type\":\"ListItem\",\"position\":1,\"name\":\"Inici\",\"item\":\"https:\/\/itinere.eduvic.coop\/es\/\"},{\"@type\":\"ListItem\",\"position\":2,\"name\":\"OFERTA FORMATIVA EDUVIC \u00b7 ITINERE 2021-2022\"}]},{\"@type\":\"WebSite\",\"@id\":\"https:\/\/itinere.eduvic.coop\/es\/#website\",\"url\":\"https:\/\/itinere.eduvic.coop\/es\/\",\"name\":\"EDUVIC \u00b7 Itinere\",\"description\":\"\",\"publisher\":{\"@id\":\"https:\/\/itinere.eduvic.coop\/es\/#organization\"},\"potentialAction\":[{\"@type\":\"SearchAction\",\"target\":{\"@type\":\"EntryPoint\",\"urlTemplate\":\"https:\/\/itinere.eduvic.coop\/es\/?s={search_term_string}\"},\"query-input\":{\"@type\":\"PropertyValueSpecification\",\"valueRequired\":true,\"valueName\":\"search_term_string\"}}],\"inLanguage\":\"es\"},{\"@type\":\"Organization\",\"@id\":\"https:\/\/itinere.eduvic.coop\/es\/#organization\",\"name\":\"EDUVIC \u00b7 Itinere\",\"url\":\"https:\/\/itinere.eduvic.coop\/es\/\",\"logo\":{\"@type\":\"ImageObject\",\"inLanguage\":\"es\",\"@id\":\"https:\/\/itinere.eduvic.coop\/es\/#\/schema\/logo\/image\/\",\"url\":\"https:\/\/itinere.eduvic.coop\/wp-content\/uploads\/2024\/04\/EDUVIC-ITINERE-2024.png\",\"contentUrl\":\"https:\/\/itinere.eduvic.coop\/wp-content\/uploads\/2024\/04\/EDUVIC-ITINERE-2024.png\",\"width\":5486,\"height\":2647,\"caption\":\"EDUVIC \u00b7 Itinere\"},\"image\":{\"@id\":\"https:\/\/itinere.eduvic.coop\/es\/#\/schema\/logo\/image\/\"},\"sameAs\":[\"https:\/\/www.instagram.com\/eduvic.itinere\/\",\"https:\/\/www.linkedin.com\/company\/82385485\/admin\/feed\/posts\/\"]},{\"@type\":\"Person\",\"@id\":\"https:\/\/itinere.eduvic.coop\/es\/#\/schema\/person\/86cb4267e72b51f074c3c247543c7ea8\",\"name\":\"MAD Systems, SCCL\",\"image\":{\"@type\":\"ImageObject\",\"inLanguage\":\"es\",\"@id\":\"https:\/\/secure.gravatar.com\/avatar\/ae80d9cec0d604d728583c2a4012a9233f1eccd650d802d69e8229472406634a?s=96&d=mm&r=g\",\"url\":\"https:\/\/secure.gravatar.com\/avatar\/ae80d9cec0d604d728583c2a4012a9233f1eccd650d802d69e8229472406634a?s=96&d=mm&r=g\",\"contentUrl\":\"https:\/\/secure.gravatar.com\/avatar\/ae80d9cec0d604d728583c2a4012a9233f1eccd650d802d69e8229472406634a?s=96&d=mm&r=g\",\"caption\":\"MAD Systems, SCCL\"}}]}<\/script>\n<!-- \/ Yoast SEO plugin. -->","yoast_head_json":{"title":"OFERTA FORMATIVA EDUVIC \u00b7 ITINERE 2021-2022 - EDUVIC \u00b7 Itinere","description":"Oferta formativa de m\u00e1sters y postgrados de formaci\u00f3n cont\u00ednua de EDUVIC \u00b7 Itinere, IL3-UB y Delta para el curso 2021-2022.","robots":{"index":"index","follow":"follow","max-snippet":"max-snippet:-1","max-image-preview":"max-image-preview:large","max-video-preview":"max-video-preview:-1"},"canonical":"https:\/\/itinere.eduvic.coop\/es\/oferta-formativa-eduvic-itinere-2021-2022\/","og_locale":"es_ES","og_type":"article","og_title":"OFERTA FORMATIVA EDUVIC \u00b7 ITINERE 2021-2022 - EDUVIC \u00b7 Itinere","og_description":"Oferta formativa de m\u00e1sters y postgrados de formaci\u00f3n cont\u00ednua de EDUVIC \u00b7 Itinere, IL3-UB y Delta para el curso 2021-2022.","og_url":"https:\/\/itinere.eduvic.coop\/es\/oferta-formativa-eduvic-itinere-2021-2022\/","og_site_name":"EDUVIC \u00b7 Itinere","article_published_time":"2021-06-10T12:36:55+00:00","article_modified_time":"2025-10-06T09:04:09+00:00","og_image":[{"width":2560,"height":1194,"url":"https:\/\/itinere.eduvic.coop\/wp-content\/uploads\/2021\/06\/itinere-02-scaled-1.jpg","type":"image\/jpeg"}],"author":"MAD Systems, SCCL","twitter_card":"summary_large_image","twitter_misc":{"Escrito por":"MAD Systems, SCCL","Tiempo de lectura":"7 minutos"},"schema":{"@context":"https:\/\/schema.org","@graph":[{"@type":"Article","@id":"https:\/\/itinere.eduvic.coop\/es\/oferta-formativa-eduvic-itinere-2021-2022\/#article","isPartOf":{"@id":"https:\/\/itinere.eduvic.coop\/es\/oferta-formativa-eduvic-itinere-2021-2022\/"},"author":{"name":"MAD Systems, SCCL","@id":"https:\/\/itinere.eduvic.coop\/es\/#\/schema\/person\/86cb4267e72b51f074c3c247543c7ea8"},"headline":"OFERTA FORMATIVA EDUVIC \u00b7 ITINERE 2021-2022","datePublished":"2021-06-10T12:36:55+00:00","dateModified":"2025-10-06T09:04:09+00:00","mainEntityOfPage":{"@id":"https:\/\/itinere.eduvic.coop\/es\/oferta-formativa-eduvic-itinere-2021-2022\/"},"wordCount":1358,"publisher":{"@id":"https:\/\/itinere.eduvic.coop\/es\/#organization"},"image":{"@id":"https:\/\/itinere.eduvic.coop\/es\/oferta-formativa-eduvic-itinere-2021-2022\/#primaryimage"},"thumbnailUrl":"https:\/\/itinere.eduvic.coop\/wp-content\/uploads\/2021\/06\/itinere-02-scaled-1.jpg","articleSection":["Noticias"],"inLanguage":"es"},{"@type":"WebPage","@id":"https:\/\/itinere.eduvic.coop\/es\/oferta-formativa-eduvic-itinere-2021-2022\/","url":"https:\/\/itinere.eduvic.coop\/es\/oferta-formativa-eduvic-itinere-2021-2022\/","name":"OFERTA FORMATIVA EDUVIC \u00b7 ITINERE 2021-2022 - EDUVIC \u00b7 Itinere","isPartOf":{"@id":"https:\/\/itinere.eduvic.coop\/es\/#website"},"primaryImageOfPage":{"@id":"https:\/\/itinere.eduvic.coop\/es\/oferta-formativa-eduvic-itinere-2021-2022\/#primaryimage"},"image":{"@id":"https:\/\/itinere.eduvic.coop\/es\/oferta-formativa-eduvic-itinere-2021-2022\/#primaryimage"},"thumbnailUrl":"https:\/\/itinere.eduvic.coop\/wp-content\/uploads\/2021\/06\/itinere-02-scaled-1.jpg","datePublished":"2021-06-10T12:36:55+00:00","dateModified":"2025-10-06T09:04:09+00:00","description":"Oferta formativa de m\u00e1sters y postgrados de formaci\u00f3n cont\u00ednua de EDUVIC \u00b7 Itinere, IL3-UB y Delta para el curso 2021-2022.","breadcrumb":{"@id":"https:\/\/itinere.eduvic.coop\/es\/oferta-formativa-eduvic-itinere-2021-2022\/#breadcrumb"},"inLanguage":"es","potentialAction":[{"@type":"ReadAction","target":["https:\/\/itinere.eduvic.coop\/es\/oferta-formativa-eduvic-itinere-2021-2022\/"]}]},{"@type":"ImageObject","inLanguage":"es","@id":"https:\/\/itinere.eduvic.coop\/es\/oferta-formativa-eduvic-itinere-2021-2022\/#primaryimage","url":"https:\/\/itinere.eduvic.coop\/wp-content\/uploads\/2021\/06\/itinere-02-scaled-1.jpg","contentUrl":"https:\/\/itinere.eduvic.coop\/wp-content\/uploads\/2021\/06\/itinere-02-scaled-1.jpg","width":2560,"height":1194},{"@type":"BreadcrumbList","@id":"https:\/\/itinere.eduvic.coop\/es\/oferta-formativa-eduvic-itinere-2021-2022\/#breadcrumb","itemListElement":[{"@type":"ListItem","position":1,"name":"Inici","item":"https:\/\/itinere.eduvic.coop\/es\/"},{"@type":"ListItem","position":2,"name":"OFERTA FORMATIVA EDUVIC \u00b7 ITINERE 2021-2022"}]},{"@type":"WebSite","@id":"https:\/\/itinere.eduvic.coop\/es\/#website","url":"https:\/\/itinere.eduvic.coop\/es\/","name":"EDUVIC \u00b7 Itinere","description":"","publisher":{"@id":"https:\/\/itinere.eduvic.coop\/es\/#organization"},"potentialAction":[{"@type":"SearchAction","target":{"@type":"EntryPoint","urlTemplate":"https:\/\/itinere.eduvic.coop\/es\/?s={search_term_string}"},"query-input":{"@type":"PropertyValueSpecification","valueRequired":true,"valueName":"search_term_string"}}],"inLanguage":"es"},{"@type":"Organization","@id":"https:\/\/itinere.eduvic.coop\/es\/#organization","name":"EDUVIC \u00b7 Itinere","url":"https:\/\/itinere.eduvic.coop\/es\/","logo":{"@type":"ImageObject","inLanguage":"es","@id":"https:\/\/itinere.eduvic.coop\/es\/#\/schema\/logo\/image\/","url":"https:\/\/itinere.eduvic.coop\/wp-content\/uploads\/2024\/04\/EDUVIC-ITINERE-2024.png","contentUrl":"https:\/\/itinere.eduvic.coop\/wp-content\/uploads\/2024\/04\/EDUVIC-ITINERE-2024.png","width":5486,"height":2647,"caption":"EDUVIC \u00b7 Itinere"},"image":{"@id":"https:\/\/itinere.eduvic.coop\/es\/#\/schema\/logo\/image\/"},"sameAs":["https:\/\/www.instagram.com\/eduvic.itinere\/","https:\/\/www.linkedin.com\/company\/82385485\/admin\/feed\/posts\/"]},{"@type":"Person","@id":"https:\/\/itinere.eduvic.coop\/es\/#\/schema\/person\/86cb4267e72b51f074c3c247543c7ea8","name":"MAD Systems, SCCL","image":{"@type":"ImageObject","inLanguage":"es","@id":"https:\/\/secure.gravatar.com\/avatar\/ae80d9cec0d604d728583c2a4012a9233f1eccd650d802d69e8229472406634a?s=96&d=mm&r=g","url":"https:\/\/secure.gravatar.com\/avatar\/ae80d9cec0d604d728583c2a4012a9233f1eccd650d802d69e8229472406634a?s=96&d=mm&r=g","contentUrl":"https:\/\/secure.gravatar.com\/avatar\/ae80d9cec0d604d728583c2a4012a9233f1eccd650d802d69e8229472406634a?s=96&d=mm&r=g","caption":"MAD Systems, SCCL"}}]}},"_links":{"self":[{"href":"https:\/\/itinere.eduvic.coop\/es\/wp-json\/wp\/v2\/posts\/8739","targetHints":{"allow":["GET"]}}],"collection":[{"href":"https:\/\/itinere.eduvic.coop\/es\/wp-json\/wp\/v2\/posts"}],"about":[{"href":"https:\/\/itinere.eduvic.coop\/es\/wp-json\/wp\/v2\/types\/post"}],"author":[{"embeddable":true,"href":"https:\/\/itinere.eduvic.coop\/es\/wp-json\/wp\/v2\/users\/4"}],"replies":[{"embeddable":true,"href":"https:\/\/itinere.eduvic.coop\/es\/wp-json\/wp\/v2\/comments?post=8739"}],"version-history":[{"count":7,"href":"https:\/\/itinere.eduvic.coop\/es\/wp-json\/wp\/v2\/posts\/8739\/revisions"}],"predecessor-version":[{"id":10966,"href":"https:\/\/itinere.eduvic.coop\/es\/wp-json\/wp\/v2\/posts\/8739\/revisions\/10966"}],"wp:featuredmedia":[{"embeddable":true,"href":"https:\/\/itinere.eduvic.coop\/es\/wp-json\/wp\/v2\/media\/8218"}],"wp:attachment":[{"href":"https:\/\/itinere.eduvic.coop\/es\/wp-json\/wp\/v2\/media?parent=8739"}],"wp:term":[{"taxonomy":"category","embeddable":true,"href":"https:\/\/itinere.eduvic.coop\/es\/wp-json\/wp\/v2\/categories?post=8739"},{"taxonomy":"post_tag","embeddable":true,"href":"https:\/\/itinere.eduvic.coop\/es\/wp-json\/wp\/v2\/tags?post=8739"}],"curies":[{"name":"wp","href":"https:\/\/api.w.org\/{rel}","templated":true}]}}