{"id":8733,"date":"2021-06-30T13:46:19","date_gmt":"2021-06-30T12:46:19","guid":{"rendered":"https:\/\/eduvic.dev.madsys.com\/itinere23\/se-ha-celebrado-la-clausura-del-postgrado-en-practicas-terapeuticas-supervisadas-en-terapia-familiar-de-eduvic-%c2%b7-escola-itinere-el-acto-ha-sido-recibido-con-ilusion-y-ganas\/"},"modified":"2025-10-06T09:59:58","modified_gmt":"2025-10-06T08:59:58","slug":"clausura-postgrado-practicas-supervisadas-terapia-familiar","status":"publish","type":"post","link":"https:\/\/itinere.eduvic.coop\/es\/clausura-postgrado-practicas-supervisadas-terapia-familiar\/","title":{"rendered":"Clausura del Postgrado en Pr\u00e1cticas Supervisadas en Terapia Familiar"},"content":{"rendered":"<div class=\"wpb-content-wrapper\"><p>[vc_row][vc_column][vc_column_text]11 sillas en c\u00edrculo dispuestas para los reci\u00e9n estrenados terapeutas en Terapia Familiar. 11 personas que, tras tres a\u00f1os de camino profesional, han conseguido su autonom\u00eda y experiencia para ejercer como terapeutas. 11 caras que, a pesar de las mascarillas, no pod\u00edan disimular una sonrisa llena de orgullo y alegr\u00eda al celebrar <strong>la clausura del curso 2020-2021 del Postgrado en Pr\u00e1cticas terap\u00e9uticas supervisadas en Terapia Familiar<\/strong>.<\/p>\n<p>Antes de la entrega de los diplomas, <strong>el alumnado y el personal docente y de supervisi\u00f3n<\/strong> \u2500Ana Baldero, Javier Loyo i Adela Cam\u00ed\u2500 <strong>han compartido impresiones sobre el curso y han puesto en pr\u00e1ctica en ellos mismos una estrategia terap\u00e9utica<\/strong> que se aplic\u00f3 a una familia.<\/p>\n<p>Esta ha consistido en aplicar \u201cmedallas\u201d. Consiste en escribir, en un bloc de post-its, cosas positivas de cada compa\u00f1ero que han surgido durante el curso. Una vez finalizado, el compa\u00f1ero o compa\u00f1era del lado derecho leer\u00e1 en voz alta lo que le han escrito los dem\u00e1s. De esta manera, <strong>se han resaltado los puntos fuertes<\/strong> de cada uno y se han expresado cosas que quiz\u00e1s uno mismo no se hab\u00eda dado cuenta. Tambi\u00e9n <strong>ha fortalecido los v\u00ednculos entre los componentes del grupo<\/strong>durante la sesi\u00f3n.<\/p>\n<p>Las impresiones del personal docente sobre el grupo de este a\u00f1o han sido muy positivas. Cam\u00ed ha destacado que hab\u00eda mucha <strong>potencia y fuerza<\/strong> en el grupo. Muchas <strong>ganas de ensayar, probar cosas nuevas y arriesgarse profesionalmente hablando<\/strong>. Para Baldero, este ha sido un <strong>grupo muy implicado y con inter\u00e9s. <\/strong>Para Loyo, le ha impactado <strong>la pasi\u00f3n que han puesto los y las alumnas<\/strong>. Se han arriesgado y han sido creativos con las familias con las que han trabajado.<\/p>\n<p>Los y las alumnas tambi\u00e9n han opinado sobre el Posgrado. Los docentes les han pedido que expresaran sus impresiones y emociones del primer d\u00eda y del \u00faltimo. <strong>Aqu\u00ed ten\u00e9is una recopilaci\u00f3n<\/strong>:[\/vc_column_text][\/vc_column][\/vc_row][vc_row][vc_column][vc_message icon_fontawesome=&#8221;fa fa-quote-left&#8221;]\u00ab<em>El primer d\u00eda ten\u00eda muchos nervios por las expectativas que me generaba el curso. Hoy puedo decir que se han cumplido todas ellas, y me ha reafirmado en mi objetivo de seguir apostando por esta l\u00ednea terap\u00e9utica y continuar explorando este mundo.<\/em>\u00bb[\/vc_message][\/vc_column][\/vc_row][vc_row][vc_column][vc_message message_box_color=&#8221;warning&#8221; icon_fontawesome=&#8221;fa fa-quote-right&#8221;]\u00ab<em>Ten\u00eda emociones contradictorias el primer d\u00eda. Todo era nuevo, no ten\u00eda la teor\u00eda fresca y estaba muy insegura. Pero tambi\u00e9n estaba muy motivada para completar esta etapa. Y hoy puedo decir que me voy muy contenta y con mucha seguridad.<\/em>\u00bb[\/vc_message][\/vc_column][\/vc_row][vc_row][vc_column][vc_message message_box_color=&#8221;success&#8221; icon_fontawesome=&#8221;fa fa-quote-left&#8221;]\u00ab<em>Yo vine muy motivada porque era todo un reto. Vengo desde muy lejos (\u00a1la Cerdanya!). Ven\u00eda a clase con la emoci\u00f3n de una ni\u00f1a peque\u00f1a. He vivido todo el curso con mucha intensidad, y hoy me siento muy triste porque se ha acabado. Tengo ya cierta melancol\u00eda. He aprendido mucho, he disfrutado mucho y me lo ha pasado muy bien.<\/em>\u00bb[\/vc_message][\/vc_column][\/vc_row][vc_row][vc_column][vc_message message_box_color=&#8221;danger&#8221; icon_fontawesome=&#8221;fa fa-quote-right&#8221;]\u00ab<em>Me apunt\u00e9 con muchas ganas, expectativas. Me generaba curiosidad las pr\u00e1cticas detr\u00e1s de un espejo. Tambi\u00e9n ten\u00eda expectativas de cambio a nivel laboral. Y me voy muy sorprendida de que lo que deseaba, se ha cumplido. Para m\u00ed se cierra una etapa y se abre una nueva. Ahora me siento con la ilusi\u00f3n de construir.<\/em>\u00bb[\/vc_message][\/vc_column][\/vc_row][vc_row][vc_column][vc_message message_box_color=&#8221;alert-info&#8221; icon_fontawesome=&#8221;fa fa-quote-left&#8221;]\u00ab<em>Yo empec\u00e9 muy expectante porque me preguntaba mucho por lo relacional en el espacio terap\u00e9utico y ha sido sorprendente. Me han impresionado mucho los cambios que experimentan las personas y los sistemas familiares. Ha sido muy bonito c\u00f3mo se han ido empoderando all\u00e1 dentro de la sala, c\u00f3mo hemos construido, como nos hemos apoyado como terapeutas.<\/em>\u00bb[\/vc_message][\/vc_column][\/vc_row][vc_row][vc_column][vc_message message_box_color=&#8221;alert-warning&#8221; icon_fontawesome=&#8221;fa fa-quote-right&#8221;]\u00ab<em>Vine con mucha intriga. Acab\u00e9 segundo de m\u00e1ster y he encontrado la respuesta aqu\u00ed sobre todo lo aprendido los dos a\u00f1os anteriores. He recibido ayuda, consejos e ideas pr\u00e1cticas.<\/em>\u00bb[\/vc_message][\/vc_column][vc_column][vc_message message_box_color=&#8221;alert-info&#8221; icon_fontawesome=&#8221;fa fa-quote-left&#8221;]\u00ab<em>Tengo que confesar que a m\u00ed me hac\u00eda un poco de pereza hacer este curso\u2026 (risas). Pero despu\u00e9s ha sido una experiencia s\u00faper positiva. Es la mejor formaci\u00f3n que he hecho. He disfrutado mucho. Hoy siento pena. He notado que he hecho un proceso y que he adquirido ganas y seguridad. Mi valoraci\u00f3n es muy positiva.<\/em>\u00bb[\/vc_message][\/vc_column][vc_column][vc_message message_box_color=&#8221;danger&#8221; icon_fontawesome=&#8221;fa fa-quote-right&#8221;]\u00ab<em>Yo ven\u00eda con mucha teor\u00eda pero con inseguridad para aplicarla. Ten\u00eda muchos nervios. Quer\u00eda ponerme a prueba y reinventarme. Y realmente ha sido as\u00ed. He sentido muchas emociones muy fuertes. Sensaciones muy bonitas a nivel profesional y personal. Termino con un nivel de plenitud muy grande, me ha hecho vivir el a\u00f1o de otra manera. El curso ha sido muy impactante para m\u00ed.<\/em>\u00bb[\/vc_message][\/vc_column][vc_column][vc_message message_box_color=&#8221;alert-warning&#8221; icon_fontawesome=&#8221;fa fa-quote-right&#8221;]\u00ab<em>Los primeros d\u00edas ven\u00eda con muchas ganas de pr\u00e1ctica. Ha sido un proceso de aprendizajes, cambios\u2026 ha sido como estar en un laboratorio, este espacio. Me ha gustado probar nuevas posibilidades que habitualmente no me saldr\u00edan espont\u00e1neas. Estoy muy agradecida de ver que este curso ha culminado tres a\u00f1os de proceso.<\/em>\u00bb[\/vc_message][\/vc_column][vc_column][vc_message message_box_color=&#8221;success&#8221; icon_fontawesome=&#8221;fa fa-quote-left&#8221;]\u00ab<em>Es la culminaci\u00f3n de todos los conocimientos de dos a\u00f1os que no hab\u00edamos tenido el espacio de ponerlo en pr\u00e1ctica. Estoy muy satisfecho del m\u00e1ster y de las pr\u00e1cticas.<\/em>\u00bb[\/vc_message][\/vc_column][\/vc_row][vc_row][vc_column][vc_column_text]<strong>Todo el acto se ha llevado a cabo con mucha alegr\u00eda y emoci\u00f3n<\/strong>. Finalmente, los diplomas han sido entregados y han brindado con una copa de cava. Ya tienen en sus manos el \u00faltimo certificado que les <strong>permitir\u00e1 acreditarse como terapeutas familiares<\/strong> ante la Federaci\u00f3n Espa\u00f1ola de Asociaciones de Terapia Familiar (FEATF). <strong>Enhorabuena!<\/strong>[\/vc_column_text][\/vc_column][\/vc_row][vc_row][vc_column][vc_gallery interval=&#8221;3&#8243; images=&#8221;7253,7252,7251,7250,7249,7248,7247&#8243; img_size=&#8221;full&#8221; onclick=&#8221;&#8221;][\/vc_column][\/vc_row][vc_section el_id=&#8221;mad_blog-autor&#8221;][vc_row][vc_column][vc_column_text el_class=&#8221;mad_btn-2&#8243;]Redactado por:[\/vc_column_text][\/vc_column][\/vc_row][vc_row equal_height=&#8221;yes&#8221; content_placement=&#8221;middle&#8221; css=&#8221;.vc_custom_1684246095536{margin-right: 5px !important;margin-left: 5px !important;padding-bottom: 20px !important;background-color: #f4f4f4 !important;}&#8221;][vc_column width=&#8221;1\/5&#8243;][vc_single_image image=&#8221;1081&#8243; img_size=&#8221;medium&#8221; alignment=&#8221;center&#8221; style=&#8221;vc_box_circle_2&#8243; el_class=&#8221;foto-autor&#8221;][\/vc_column][vc_column width=&#8221;4\/5&#8243;][vc_column_text el_class=&#8221;titulo-autor&#8221;]Adela Cam\u00ed[\/vc_column_text][vc_column_text]<strong>Terapeuta familiar<\/strong>. <a href=\"#\">M\u00e1ster en Terapia Familiar Socioeducativa<\/a> 2015-17.[\/vc_column_text][\/vc_column][\/vc_row][\/vc_section]<\/p>\n<\/div>","protected":false},"excerpt":{"rendered":"<p>[vc_row][vc_column][vc_column_text]11 sillas en c\u00edrculo dispuestas para los reci\u00e9n estrenados terapeutas en Terapia Familiar. 11 personas que, tras tres a\u00f1os de camino profesional, han conseguido su autonom\u00eda y experiencia para ejercer como terapeutas. 11 caras que, a pesar de las mascarillas, no pod\u00edan disimular una sonrisa llena de orgullo y alegr\u00eda al celebrar la clausura del curso 2020-2021 del Postgrado en &#8230; <\/p>\n<p class=\"read-more-container\"><a title=\"Clausura del Postgrado en Pr\u00e1cticas Supervisadas en Terapia Familiar\" class=\"read-more button\" href=\"https:\/\/itinere.eduvic.coop\/es\/clausura-postgrado-practicas-supervisadas-terapia-familiar\/#more-8733\" aria-label=\"Leer m\u00e1s sobre Clausura del Postgrado en Pr\u00e1cticas Supervisadas en Terapia Familiar\">Llegir m\u00e9s<\/a><\/p>\n","protected":false},"author":4,"featured_media":8210,"comment_status":"closed","ping_status":"closed","sticky":false,"template":"","format":"standard","meta":{"_acf_changed":false,"footnotes":""},"categories":[147],"tags":[],"class_list":["post-8733","post","type-post","status-publish","format-standard","has-post-thumbnail","hentry","category-noticias","infinite-scroll-item","generate-columns","tablet-grid-50","mobile-grid-100","grid-parent","grid-33"],"acf":[],"yoast_head":"<!-- This site is optimized with the Yoast SEO plugin v27.2 - https:\/\/yoast.com\/product\/yoast-seo-wordpress\/ -->\n<title>Clausura del Postgrado en Pr\u00e1cticas Supervisadas en Terapia Familiar - EDUVIC \u00b7 Itinere<\/title>\n<meta name=\"description\" content=\"Narramos el acto de clausura del Postgrado en Pr\u00e1cticas Supervisadas en Terapia Familiar desde la perspectiva del alumnado.\" \/>\n<meta name=\"robots\" content=\"index, follow, max-snippet:-1, max-image-preview:large, max-video-preview:-1\" \/>\n<link rel=\"canonical\" href=\"https:\/\/itinere.eduvic.coop\/es\/clausura-postgrado-practicas-supervisadas-terapia-familiar\/\" \/>\n<meta property=\"og:locale\" content=\"es_ES\" \/>\n<meta property=\"og:type\" content=\"article\" \/>\n<meta property=\"og:title\" content=\"Clausura del Postgrado en Pr\u00e1cticas Supervisadas en Terapia Familiar - EDUVIC \u00b7 Itinere\" \/>\n<meta property=\"og:description\" content=\"Narramos el acto de clausura del Postgrado en Pr\u00e1cticas Supervisadas en Terapia Familiar desde la perspectiva del alumnado.\" \/>\n<meta property=\"og:url\" content=\"https:\/\/itinere.eduvic.coop\/es\/clausura-postgrado-practicas-supervisadas-terapia-familiar\/\" \/>\n<meta property=\"og:site_name\" content=\"EDUVIC \u00b7 Itinere\" \/>\n<meta property=\"article:published_time\" content=\"2021-06-30T12:46:19+00:00\" \/>\n<meta property=\"article:modified_time\" content=\"2025-10-06T08:59:58+00:00\" \/>\n<meta property=\"og:image\" content=\"https:\/\/itinere.eduvic.coop\/wp-content\/uploads\/2021\/06\/DSC_0388.webp\" \/>\n\t<meta property=\"og:image:width\" content=\"2559\" \/>\n\t<meta property=\"og:image:height\" content=\"1772\" \/>\n\t<meta property=\"og:image:type\" content=\"image\/webp\" \/>\n<meta name=\"author\" content=\"MAD Systems, SCCL\" \/>\n<meta name=\"twitter:card\" content=\"summary_large_image\" \/>\n<meta name=\"twitter:label1\" content=\"Escrito por\" \/>\n\t<meta name=\"twitter:data1\" content=\"MAD Systems, SCCL\" \/>\n\t<meta name=\"twitter:label2\" content=\"Tiempo de lectura\" \/>\n\t<meta name=\"twitter:data2\" content=\"7 minutos\" \/>\n<script type=\"application\/ld+json\" class=\"yoast-schema-graph\">{\"@context\":\"https:\/\/schema.org\",\"@graph\":[{\"@type\":\"Article\",\"@id\":\"https:\/\/itinere.eduvic.coop\/es\/clausura-postgrado-practicas-supervisadas-terapia-familiar\/#article\",\"isPartOf\":{\"@id\":\"https:\/\/itinere.eduvic.coop\/es\/clausura-postgrado-practicas-supervisadas-terapia-familiar\/\"},\"author\":{\"name\":\"MAD Systems, SCCL\",\"@id\":\"https:\/\/itinere.eduvic.coop\/es\/#\/schema\/person\/86cb4267e72b51f074c3c247543c7ea8\"},\"headline\":\"Clausura del Postgrado en Pr\u00e1cticas Supervisadas en Terapia Familiar\",\"datePublished\":\"2021-06-30T12:46:19+00:00\",\"dateModified\":\"2025-10-06T08:59:58+00:00\",\"mainEntityOfPage\":{\"@id\":\"https:\/\/itinere.eduvic.coop\/es\/clausura-postgrado-practicas-supervisadas-terapia-familiar\/\"},\"wordCount\":1257,\"publisher\":{\"@id\":\"https:\/\/itinere.eduvic.coop\/es\/#organization\"},\"image\":{\"@id\":\"https:\/\/itinere.eduvic.coop\/es\/clausura-postgrado-practicas-supervisadas-terapia-familiar\/#primaryimage\"},\"thumbnailUrl\":\"https:\/\/itinere.eduvic.coop\/wp-content\/uploads\/2021\/06\/DSC_0388.webp\",\"articleSection\":[\"Noticias\"],\"inLanguage\":\"es\"},{\"@type\":\"WebPage\",\"@id\":\"https:\/\/itinere.eduvic.coop\/es\/clausura-postgrado-practicas-supervisadas-terapia-familiar\/\",\"url\":\"https:\/\/itinere.eduvic.coop\/es\/clausura-postgrado-practicas-supervisadas-terapia-familiar\/\",\"name\":\"Clausura del Postgrado en Pr\u00e1cticas Supervisadas en Terapia Familiar - EDUVIC \u00b7 Itinere\",\"isPartOf\":{\"@id\":\"https:\/\/itinere.eduvic.coop\/es\/#website\"},\"primaryImageOfPage\":{\"@id\":\"https:\/\/itinere.eduvic.coop\/es\/clausura-postgrado-practicas-supervisadas-terapia-familiar\/#primaryimage\"},\"image\":{\"@id\":\"https:\/\/itinere.eduvic.coop\/es\/clausura-postgrado-practicas-supervisadas-terapia-familiar\/#primaryimage\"},\"thumbnailUrl\":\"https:\/\/itinere.eduvic.coop\/wp-content\/uploads\/2021\/06\/DSC_0388.webp\",\"datePublished\":\"2021-06-30T12:46:19+00:00\",\"dateModified\":\"2025-10-06T08:59:58+00:00\",\"description\":\"Narramos el acto de clausura del Postgrado en Pr\u00e1cticas Supervisadas en Terapia Familiar desde la perspectiva del alumnado.\",\"breadcrumb\":{\"@id\":\"https:\/\/itinere.eduvic.coop\/es\/clausura-postgrado-practicas-supervisadas-terapia-familiar\/#breadcrumb\"},\"inLanguage\":\"es\",\"potentialAction\":[{\"@type\":\"ReadAction\",\"target\":[\"https:\/\/itinere.eduvic.coop\/es\/clausura-postgrado-practicas-supervisadas-terapia-familiar\/\"]}]},{\"@type\":\"ImageObject\",\"inLanguage\":\"es\",\"@id\":\"https:\/\/itinere.eduvic.coop\/es\/clausura-postgrado-practicas-supervisadas-terapia-familiar\/#primaryimage\",\"url\":\"https:\/\/itinere.eduvic.coop\/wp-content\/uploads\/2021\/06\/DSC_0388.webp\",\"contentUrl\":\"https:\/\/itinere.eduvic.coop\/wp-content\/uploads\/2021\/06\/DSC_0388.webp\",\"width\":2559,\"height\":1772},{\"@type\":\"BreadcrumbList\",\"@id\":\"https:\/\/itinere.eduvic.coop\/es\/clausura-postgrado-practicas-supervisadas-terapia-familiar\/#breadcrumb\",\"itemListElement\":[{\"@type\":\"ListItem\",\"position\":1,\"name\":\"Inici\",\"item\":\"https:\/\/itinere.eduvic.coop\/es\/\"},{\"@type\":\"ListItem\",\"position\":2,\"name\":\"Clausura del Postgrado en Pr\u00e1cticas Supervisadas en Terapia Familiar\"}]},{\"@type\":\"WebSite\",\"@id\":\"https:\/\/itinere.eduvic.coop\/es\/#website\",\"url\":\"https:\/\/itinere.eduvic.coop\/es\/\",\"name\":\"EDUVIC \u00b7 Itinere\",\"description\":\"\",\"publisher\":{\"@id\":\"https:\/\/itinere.eduvic.coop\/es\/#organization\"},\"potentialAction\":[{\"@type\":\"SearchAction\",\"target\":{\"@type\":\"EntryPoint\",\"urlTemplate\":\"https:\/\/itinere.eduvic.coop\/es\/?s={search_term_string}\"},\"query-input\":{\"@type\":\"PropertyValueSpecification\",\"valueRequired\":true,\"valueName\":\"search_term_string\"}}],\"inLanguage\":\"es\"},{\"@type\":\"Organization\",\"@id\":\"https:\/\/itinere.eduvic.coop\/es\/#organization\",\"name\":\"EDUVIC \u00b7 Itinere\",\"url\":\"https:\/\/itinere.eduvic.coop\/es\/\",\"logo\":{\"@type\":\"ImageObject\",\"inLanguage\":\"es\",\"@id\":\"https:\/\/itinere.eduvic.coop\/es\/#\/schema\/logo\/image\/\",\"url\":\"https:\/\/itinere.eduvic.coop\/wp-content\/uploads\/2024\/04\/EDUVIC-ITINERE-2024.png\",\"contentUrl\":\"https:\/\/itinere.eduvic.coop\/wp-content\/uploads\/2024\/04\/EDUVIC-ITINERE-2024.png\",\"width\":5486,\"height\":2647,\"caption\":\"EDUVIC \u00b7 Itinere\"},\"image\":{\"@id\":\"https:\/\/itinere.eduvic.coop\/es\/#\/schema\/logo\/image\/\"},\"sameAs\":[\"https:\/\/www.instagram.com\/eduvic.itinere\/\",\"https:\/\/www.linkedin.com\/company\/82385485\/admin\/feed\/posts\/\"]},{\"@type\":\"Person\",\"@id\":\"https:\/\/itinere.eduvic.coop\/es\/#\/schema\/person\/86cb4267e72b51f074c3c247543c7ea8\",\"name\":\"MAD Systems, SCCL\",\"image\":{\"@type\":\"ImageObject\",\"inLanguage\":\"es\",\"@id\":\"https:\/\/secure.gravatar.com\/avatar\/ae80d9cec0d604d728583c2a4012a9233f1eccd650d802d69e8229472406634a?s=96&d=mm&r=g\",\"url\":\"https:\/\/secure.gravatar.com\/avatar\/ae80d9cec0d604d728583c2a4012a9233f1eccd650d802d69e8229472406634a?s=96&d=mm&r=g\",\"contentUrl\":\"https:\/\/secure.gravatar.com\/avatar\/ae80d9cec0d604d728583c2a4012a9233f1eccd650d802d69e8229472406634a?s=96&d=mm&r=g\",\"caption\":\"MAD Systems, SCCL\"}}]}<\/script>\n<!-- \/ Yoast SEO plugin. -->","yoast_head_json":{"title":"Clausura del Postgrado en Pr\u00e1cticas Supervisadas en Terapia Familiar - EDUVIC \u00b7 Itinere","description":"Narramos el acto de clausura del Postgrado en Pr\u00e1cticas Supervisadas en Terapia Familiar desde la perspectiva del alumnado.","robots":{"index":"index","follow":"follow","max-snippet":"max-snippet:-1","max-image-preview":"max-image-preview:large","max-video-preview":"max-video-preview:-1"},"canonical":"https:\/\/itinere.eduvic.coop\/es\/clausura-postgrado-practicas-supervisadas-terapia-familiar\/","og_locale":"es_ES","og_type":"article","og_title":"Clausura del Postgrado en Pr\u00e1cticas Supervisadas en Terapia Familiar - EDUVIC \u00b7 Itinere","og_description":"Narramos el acto de clausura del Postgrado en Pr\u00e1cticas Supervisadas en Terapia Familiar desde la perspectiva del alumnado.","og_url":"https:\/\/itinere.eduvic.coop\/es\/clausura-postgrado-practicas-supervisadas-terapia-familiar\/","og_site_name":"EDUVIC \u00b7 Itinere","article_published_time":"2021-06-30T12:46:19+00:00","article_modified_time":"2025-10-06T08:59:58+00:00","og_image":[{"width":2559,"height":1772,"url":"https:\/\/itinere.eduvic.coop\/wp-content\/uploads\/2021\/06\/DSC_0388.webp","type":"image\/webp"}],"author":"MAD Systems, SCCL","twitter_card":"summary_large_image","twitter_misc":{"Escrito por":"MAD Systems, SCCL","Tiempo de lectura":"7 minutos"},"schema":{"@context":"https:\/\/schema.org","@graph":[{"@type":"Article","@id":"https:\/\/itinere.eduvic.coop\/es\/clausura-postgrado-practicas-supervisadas-terapia-familiar\/#article","isPartOf":{"@id":"https:\/\/itinere.eduvic.coop\/es\/clausura-postgrado-practicas-supervisadas-terapia-familiar\/"},"author":{"name":"MAD Systems, SCCL","@id":"https:\/\/itinere.eduvic.coop\/es\/#\/schema\/person\/86cb4267e72b51f074c3c247543c7ea8"},"headline":"Clausura del Postgrado en Pr\u00e1cticas Supervisadas en Terapia Familiar","datePublished":"2021-06-30T12:46:19+00:00","dateModified":"2025-10-06T08:59:58+00:00","mainEntityOfPage":{"@id":"https:\/\/itinere.eduvic.coop\/es\/clausura-postgrado-practicas-supervisadas-terapia-familiar\/"},"wordCount":1257,"publisher":{"@id":"https:\/\/itinere.eduvic.coop\/es\/#organization"},"image":{"@id":"https:\/\/itinere.eduvic.coop\/es\/clausura-postgrado-practicas-supervisadas-terapia-familiar\/#primaryimage"},"thumbnailUrl":"https:\/\/itinere.eduvic.coop\/wp-content\/uploads\/2021\/06\/DSC_0388.webp","articleSection":["Noticias"],"inLanguage":"es"},{"@type":"WebPage","@id":"https:\/\/itinere.eduvic.coop\/es\/clausura-postgrado-practicas-supervisadas-terapia-familiar\/","url":"https:\/\/itinere.eduvic.coop\/es\/clausura-postgrado-practicas-supervisadas-terapia-familiar\/","name":"Clausura del Postgrado en Pr\u00e1cticas Supervisadas en Terapia Familiar - EDUVIC \u00b7 Itinere","isPartOf":{"@id":"https:\/\/itinere.eduvic.coop\/es\/#website"},"primaryImageOfPage":{"@id":"https:\/\/itinere.eduvic.coop\/es\/clausura-postgrado-practicas-supervisadas-terapia-familiar\/#primaryimage"},"image":{"@id":"https:\/\/itinere.eduvic.coop\/es\/clausura-postgrado-practicas-supervisadas-terapia-familiar\/#primaryimage"},"thumbnailUrl":"https:\/\/itinere.eduvic.coop\/wp-content\/uploads\/2021\/06\/DSC_0388.webp","datePublished":"2021-06-30T12:46:19+00:00","dateModified":"2025-10-06T08:59:58+00:00","description":"Narramos el acto de clausura del Postgrado en Pr\u00e1cticas Supervisadas en Terapia Familiar desde la perspectiva del alumnado.","breadcrumb":{"@id":"https:\/\/itinere.eduvic.coop\/es\/clausura-postgrado-practicas-supervisadas-terapia-familiar\/#breadcrumb"},"inLanguage":"es","potentialAction":[{"@type":"ReadAction","target":["https:\/\/itinere.eduvic.coop\/es\/clausura-postgrado-practicas-supervisadas-terapia-familiar\/"]}]},{"@type":"ImageObject","inLanguage":"es","@id":"https:\/\/itinere.eduvic.coop\/es\/clausura-postgrado-practicas-supervisadas-terapia-familiar\/#primaryimage","url":"https:\/\/itinere.eduvic.coop\/wp-content\/uploads\/2021\/06\/DSC_0388.webp","contentUrl":"https:\/\/itinere.eduvic.coop\/wp-content\/uploads\/2021\/06\/DSC_0388.webp","width":2559,"height":1772},{"@type":"BreadcrumbList","@id":"https:\/\/itinere.eduvic.coop\/es\/clausura-postgrado-practicas-supervisadas-terapia-familiar\/#breadcrumb","itemListElement":[{"@type":"ListItem","position":1,"name":"Inici","item":"https:\/\/itinere.eduvic.coop\/es\/"},{"@type":"ListItem","position":2,"name":"Clausura del Postgrado en Pr\u00e1cticas Supervisadas en Terapia Familiar"}]},{"@type":"WebSite","@id":"https:\/\/itinere.eduvic.coop\/es\/#website","url":"https:\/\/itinere.eduvic.coop\/es\/","name":"EDUVIC \u00b7 Itinere","description":"","publisher":{"@id":"https:\/\/itinere.eduvic.coop\/es\/#organization"},"potentialAction":[{"@type":"SearchAction","target":{"@type":"EntryPoint","urlTemplate":"https:\/\/itinere.eduvic.coop\/es\/?s={search_term_string}"},"query-input":{"@type":"PropertyValueSpecification","valueRequired":true,"valueName":"search_term_string"}}],"inLanguage":"es"},{"@type":"Organization","@id":"https:\/\/itinere.eduvic.coop\/es\/#organization","name":"EDUVIC \u00b7 Itinere","url":"https:\/\/itinere.eduvic.coop\/es\/","logo":{"@type":"ImageObject","inLanguage":"es","@id":"https:\/\/itinere.eduvic.coop\/es\/#\/schema\/logo\/image\/","url":"https:\/\/itinere.eduvic.coop\/wp-content\/uploads\/2024\/04\/EDUVIC-ITINERE-2024.png","contentUrl":"https:\/\/itinere.eduvic.coop\/wp-content\/uploads\/2024\/04\/EDUVIC-ITINERE-2024.png","width":5486,"height":2647,"caption":"EDUVIC \u00b7 Itinere"},"image":{"@id":"https:\/\/itinere.eduvic.coop\/es\/#\/schema\/logo\/image\/"},"sameAs":["https:\/\/www.instagram.com\/eduvic.itinere\/","https:\/\/www.linkedin.com\/company\/82385485\/admin\/feed\/posts\/"]},{"@type":"Person","@id":"https:\/\/itinere.eduvic.coop\/es\/#\/schema\/person\/86cb4267e72b51f074c3c247543c7ea8","name":"MAD Systems, SCCL","image":{"@type":"ImageObject","inLanguage":"es","@id":"https:\/\/secure.gravatar.com\/avatar\/ae80d9cec0d604d728583c2a4012a9233f1eccd650d802d69e8229472406634a?s=96&d=mm&r=g","url":"https:\/\/secure.gravatar.com\/avatar\/ae80d9cec0d604d728583c2a4012a9233f1eccd650d802d69e8229472406634a?s=96&d=mm&r=g","contentUrl":"https:\/\/secure.gravatar.com\/avatar\/ae80d9cec0d604d728583c2a4012a9233f1eccd650d802d69e8229472406634a?s=96&d=mm&r=g","caption":"MAD Systems, SCCL"}}]}},"_links":{"self":[{"href":"https:\/\/itinere.eduvic.coop\/es\/wp-json\/wp\/v2\/posts\/8733","targetHints":{"allow":["GET"]}}],"collection":[{"href":"https:\/\/itinere.eduvic.coop\/es\/wp-json\/wp\/v2\/posts"}],"about":[{"href":"https:\/\/itinere.eduvic.coop\/es\/wp-json\/wp\/v2\/types\/post"}],"author":[{"embeddable":true,"href":"https:\/\/itinere.eduvic.coop\/es\/wp-json\/wp\/v2\/users\/4"}],"replies":[{"embeddable":true,"href":"https:\/\/itinere.eduvic.coop\/es\/wp-json\/wp\/v2\/comments?post=8733"}],"version-history":[{"count":13,"href":"https:\/\/itinere.eduvic.coop\/es\/wp-json\/wp\/v2\/posts\/8733\/revisions"}],"predecessor-version":[{"id":10963,"href":"https:\/\/itinere.eduvic.coop\/es\/wp-json\/wp\/v2\/posts\/8733\/revisions\/10963"}],"wp:featuredmedia":[{"embeddable":true,"href":"https:\/\/itinere.eduvic.coop\/es\/wp-json\/wp\/v2\/media\/8210"}],"wp:attachment":[{"href":"https:\/\/itinere.eduvic.coop\/es\/wp-json\/wp\/v2\/media?parent=8733"}],"wp:term":[{"taxonomy":"category","embeddable":true,"href":"https:\/\/itinere.eduvic.coop\/es\/wp-json\/wp\/v2\/categories?post=8733"},{"taxonomy":"post_tag","embeddable":true,"href":"https:\/\/itinere.eduvic.coop\/es\/wp-json\/wp\/v2\/tags?post=8733"}],"curies":[{"name":"wp","href":"https:\/\/api.w.org\/{rel}","templated":true}]}}