{"id":10474,"date":"2025-03-06T16:29:02","date_gmt":"2025-03-06T15:29:02","guid":{"rendered":"https:\/\/itinere.eduvic.coop\/?p=10474"},"modified":"2025-10-06T08:28:38","modified_gmt":"2025-10-06T07:28:38","slug":"segunda-edicion-libro-terapia-familiar-socioeducativa","status":"publish","type":"post","link":"https:\/\/itinere.eduvic.coop\/es\/segunda-edicion-libro-terapia-familiar-socioeducativa\/","title":{"rendered":"\u00a1La segunda edici\u00f3n del libro &#8220;La terapia familiar socioeducativa. Un modelo de terapia sist\u00e9mica&#8221; ya est\u00e1 aqu\u00ed!"},"content":{"rendered":"<div class=\"wpb-content-wrapper\"><p>[vc_row][vc_column][vc_column_text css=&#8221;&#8221;]La terapia familiar es una herramienta esencial para comprender y transformar las din\u00e1micas familiares. En EDUVIC\u00b7 Itinere, nos hemos dedicado a investigar, aplicar y compartir conocimiento sobre este \u00e1mbito, y nos emociona poder anunciar la publicaci\u00f3n de la <strong>segunda edici\u00f3n<\/strong> de nuestro libro <strong>&#8220;La terapia familiar socioeducativa. Un modelo de terapia sist\u00e9mica&#8221;<\/strong>.<\/p>\n<h3>Un modelo en evoluci\u00f3n constante<\/h3>\n<p>Las relaciones familiares son el primer espacio donde se construye nuestra identidad y desarrollo emocional. Sin embargo, estas pueden enfrentar dificultades que afectan su equilibrio y bienestar. Por ello, la <strong>terapia familiar socioeducativa<\/strong> ofrece un enfoque sist\u00e9mico e integrador, teniendo en cuenta el contexto social y cultural de cada familia.<\/p>\n<h3>\u00bfQu\u00e9 encontrar\u00e1s en este libro?<\/h3>\n<p>Este libro aborda la terapia familiar socioeducativa como una propuesta de intervenci\u00f3n con las familias que acompa\u00f1a a las personas individualmente y como integrantes de un sistema familiar.<\/p>\n<p>\u00bfQu\u00e9 encontrar\u00e1s en \u00e9l?<br \/>\n\u2714 Teor\u00eda de la epistemolog\u00eda sist\u00e9mica incorporada por la terapia familiar socioeducativa<br \/>\n\u2714 Claves del diagn\u00f3stico desde la terapia familiar<br \/>\n\u2714 Posici\u00f3n del profesional en el marco de la terapia familiar socioeducativa<br \/>\n\u2714 Enfoques metodol\u00f3gicos de la terapia<br \/>\n\u2714 Desarrollo de estrategias de intervenci\u00f3n en la terapia socioeducativa<\/p>\n<p>Adem\u00e1s, esta obra cuenta con el pr\u00f3logo del <strong>Dr. Pedro Yscadar<\/strong>, psiquiatra y analista junguiano, quien destaca su valor como una gu\u00eda concisa y rigurosa para profesionales y familias que buscan superar dificultades y fortalecer v\u00ednculos afectivos.<\/p>\n<h3>Un libro para profesionales y estudiantes<\/h3>\n<p>Esta segunda edici\u00f3n se consolida como una <strong>herramienta de aprendizaje esencial<\/strong> para el alumnado de EDUVIC \u00b7 Itinere y para todas aquellas personas que trabajan en el \u00e1mbito de la terapia familiar y la intervenci\u00f3n socioeducativa. Nuestro objetivo es continuar ofreciendo herramientas y conocimiento que contribuyan a la mejora del <strong>bienestar relacional<\/strong> de las familias y al desarrollo profesional de las personas que las acompa\u00f1an.<\/p>\n<h3>Hacia nuevos horizontes<\/h3>\n<p>Desde EDUVIC \u00b7 Itinere, seguimos avanzando en la investigaci\u00f3n y la innovaci\u00f3n, y este libro es una muestra de ello. Nuestra voluntad es continuar explorando nuevos <strong>enfoques terap\u00e9uticos<\/strong>, incorporando descubrimientos cient\u00edficos y manteniendo el compromiso con una formaci\u00f3n rigurosa y aplicada.<\/p>\n<p>Si quieres conocer m\u00e1s sobre este modelo y c\u00f3mo puede ayudar en tu pr\u00e1ctica profesional, \u00a1no dudes en <strong>consultar esta nueva edici\u00f3n!<\/strong><\/p>\n<p>\ud83d\udd17 <strong>\u00a1Ya puedes adquirirlo en librer\u00edas!<\/strong>[\/vc_column_text][\/vc_column][\/vc_row]<\/p>\n<\/div>","protected":false},"excerpt":{"rendered":"<p>[vc_row][vc_column][vc_column_text css=&#8221;&#8221;]La terapia familiar es una herramienta esencial para comprender y transformar las din\u00e1micas familiares. En EDUVIC\u00b7 Itinere, nos hemos dedicado a investigar, aplicar y compartir conocimiento sobre este \u00e1mbito, y nos emociona poder anunciar la publicaci\u00f3n de la segunda edici\u00f3n de nuestro libro &#8220;La terapia familiar socioeducativa. Un modelo de terapia sist\u00e9mica&#8221;. Un modelo en evoluci\u00f3n constante Las relaciones &#8230; <\/p>\n<p class=\"read-more-container\"><a title=\"\u00a1La segunda edici\u00f3n del libro &#8220;La terapia familiar socioeducativa. Un modelo de terapia sist\u00e9mica&#8221; ya est\u00e1 aqu\u00ed!\" class=\"read-more button\" href=\"https:\/\/itinere.eduvic.coop\/es\/segunda-edicion-libro-terapia-familiar-socioeducativa\/#more-10474\" aria-label=\"Leer m\u00e1s sobre \u00a1La segunda edici\u00f3n del libro &#8220;La terapia familiar socioeducativa. Un modelo de terapia sist\u00e9mica&#8221; ya est\u00e1 aqu\u00ed!\">Llegir m\u00e9s<\/a><\/p>\n","protected":false},"author":10,"featured_media":10475,"comment_status":"closed","ping_status":"open","sticky":false,"template":"","format":"standard","meta":{"_acf_changed":false,"footnotes":""},"categories":[147,150],"tags":[],"class_list":["post-10474","post","type-post","status-publish","format-standard","has-post-thumbnail","hentry","category-noticias","category-terapia-familiar-es","infinite-scroll-item","generate-columns","tablet-grid-50","mobile-grid-100","grid-parent","grid-33"],"acf":[],"yoast_head":"<!-- This site is optimized with the Yoast SEO plugin v27.2 - https:\/\/yoast.com\/product\/yoast-seo-wordpress\/ -->\n<title>\u00a1La segunda edici\u00f3n del libro &quot;La terapia familiar socioeducativa. Un modelo de terapia sist\u00e9mica&quot; ya est\u00e1 aqu\u00ed! - EDUVIC \u00b7 Itinere<\/title>\n<meta name=\"description\" content=\"La terapia familiar socioeducativa ofrece un enfoque sist\u00e9mico e integrador del contexto social y cultural de cada familia.\" \/>\n<meta name=\"robots\" content=\"index, follow, max-snippet:-1, max-image-preview:large, max-video-preview:-1\" \/>\n<link rel=\"canonical\" href=\"https:\/\/itinere.eduvic.coop\/es\/segunda-edicion-libro-terapia-familiar-socioeducativa\/\" \/>\n<meta property=\"og:locale\" content=\"es_ES\" \/>\n<meta property=\"og:type\" content=\"article\" \/>\n<meta property=\"og:title\" content=\"\u00a1La segunda edici\u00f3n del libro &quot;La terapia familiar socioeducativa. Un modelo de terapia sist\u00e9mica&quot; ya est\u00e1 aqu\u00ed! - EDUVIC \u00b7 Itinere\" \/>\n<meta property=\"og:description\" content=\"La terapia familiar socioeducativa ofrece un enfoque sist\u00e9mico e integrador del contexto social y cultural de cada familia.\" \/>\n<meta property=\"og:url\" content=\"https:\/\/itinere.eduvic.coop\/es\/segunda-edicion-libro-terapia-familiar-socioeducativa\/\" \/>\n<meta property=\"og:site_name\" content=\"EDUVIC \u00b7 Itinere\" \/>\n<meta property=\"article:published_time\" content=\"2025-03-06T15:29:02+00:00\" \/>\n<meta property=\"article:modified_time\" content=\"2025-10-06T07:28:38+00:00\" \/>\n<meta property=\"og:image\" content=\"https:\/\/itinere.eduvic.coop\/wp-content\/uploads\/2025\/03\/foto-llibre-web-1024x724.png\" \/>\n\t<meta property=\"og:image:width\" content=\"1024\" \/>\n\t<meta property=\"og:image:height\" content=\"724\" \/>\n\t<meta property=\"og:image:type\" content=\"image\/png\" \/>\n<meta name=\"author\" content=\"Silvia Casas\" \/>\n<meta name=\"twitter:card\" content=\"summary_large_image\" \/>\n<meta name=\"twitter:label1\" content=\"Escrito por\" \/>\n\t<meta name=\"twitter:data1\" content=\"Silvia Casas\" \/>\n\t<meta name=\"twitter:label2\" content=\"Tiempo de lectura\" \/>\n\t<meta name=\"twitter:data2\" content=\"3 minutos\" \/>\n<script type=\"application\/ld+json\" class=\"yoast-schema-graph\">{\"@context\":\"https:\/\/schema.org\",\"@graph\":[{\"@type\":\"Article\",\"@id\":\"https:\/\/itinere.eduvic.coop\/es\/segunda-edicion-libro-terapia-familiar-socioeducativa\/#article\",\"isPartOf\":{\"@id\":\"https:\/\/itinere.eduvic.coop\/es\/segunda-edicion-libro-terapia-familiar-socioeducativa\/\"},\"author\":{\"name\":\"Silvia Casas\",\"@id\":\"https:\/\/itinere.eduvic.coop\/es\/#\/schema\/person\/8dafe1182ae1661da2efe3dcf5fd7dc1\"},\"headline\":\"\u00a1La segunda edici\u00f3n del libro &#8220;La terapia familiar socioeducativa. Un modelo de terapia sist\u00e9mica&#8221; ya est\u00e1 aqu\u00ed!\",\"datePublished\":\"2025-03-06T15:29:02+00:00\",\"dateModified\":\"2025-10-06T07:28:38+00:00\",\"mainEntityOfPage\":{\"@id\":\"https:\/\/itinere.eduvic.coop\/es\/segunda-edicion-libro-terapia-familiar-socioeducativa\/\"},\"wordCount\":432,\"publisher\":{\"@id\":\"https:\/\/itinere.eduvic.coop\/es\/#organization\"},\"image\":{\"@id\":\"https:\/\/itinere.eduvic.coop\/es\/segunda-edicion-libro-terapia-familiar-socioeducativa\/#primaryimage\"},\"thumbnailUrl\":\"https:\/\/itinere.eduvic.coop\/wp-content\/uploads\/2025\/03\/foto-llibre-web.png\",\"articleSection\":[\"Noticias\",\"Terapia Familiar\"],\"inLanguage\":\"es\"},{\"@type\":\"WebPage\",\"@id\":\"https:\/\/itinere.eduvic.coop\/es\/segunda-edicion-libro-terapia-familiar-socioeducativa\/\",\"url\":\"https:\/\/itinere.eduvic.coop\/es\/segunda-edicion-libro-terapia-familiar-socioeducativa\/\",\"name\":\"\u00a1La segunda edici\u00f3n del libro \\\"La terapia familiar socioeducativa. Un modelo de terapia sist\u00e9mica\\\" ya est\u00e1 aqu\u00ed! - EDUVIC \u00b7 Itinere\",\"isPartOf\":{\"@id\":\"https:\/\/itinere.eduvic.coop\/es\/#website\"},\"primaryImageOfPage\":{\"@id\":\"https:\/\/itinere.eduvic.coop\/es\/segunda-edicion-libro-terapia-familiar-socioeducativa\/#primaryimage\"},\"image\":{\"@id\":\"https:\/\/itinere.eduvic.coop\/es\/segunda-edicion-libro-terapia-familiar-socioeducativa\/#primaryimage\"},\"thumbnailUrl\":\"https:\/\/itinere.eduvic.coop\/wp-content\/uploads\/2025\/03\/foto-llibre-web.png\",\"datePublished\":\"2025-03-06T15:29:02+00:00\",\"dateModified\":\"2025-10-06T07:28:38+00:00\",\"description\":\"La terapia familiar socioeducativa ofrece un enfoque sist\u00e9mico e integrador del contexto social y cultural de cada familia.\",\"breadcrumb\":{\"@id\":\"https:\/\/itinere.eduvic.coop\/es\/segunda-edicion-libro-terapia-familiar-socioeducativa\/#breadcrumb\"},\"inLanguage\":\"es\",\"potentialAction\":[{\"@type\":\"ReadAction\",\"target\":[\"https:\/\/itinere.eduvic.coop\/es\/segunda-edicion-libro-terapia-familiar-socioeducativa\/\"]}]},{\"@type\":\"ImageObject\",\"inLanguage\":\"es\",\"@id\":\"https:\/\/itinere.eduvic.coop\/es\/segunda-edicion-libro-terapia-familiar-socioeducativa\/#primaryimage\",\"url\":\"https:\/\/itinere.eduvic.coop\/wp-content\/uploads\/2025\/03\/foto-llibre-web.png\",\"contentUrl\":\"https:\/\/itinere.eduvic.coop\/wp-content\/uploads\/2025\/03\/foto-llibre-web.png\",\"width\":2000,\"height\":1414},{\"@type\":\"BreadcrumbList\",\"@id\":\"https:\/\/itinere.eduvic.coop\/es\/segunda-edicion-libro-terapia-familiar-socioeducativa\/#breadcrumb\",\"itemListElement\":[{\"@type\":\"ListItem\",\"position\":1,\"name\":\"Inici\",\"item\":\"https:\/\/itinere.eduvic.coop\/es\/\"},{\"@type\":\"ListItem\",\"position\":2,\"name\":\"\u00a1La segunda edici\u00f3n del libro &#8220;La terapia familiar socioeducativa. Un modelo de terapia sist\u00e9mica&#8221; ya est\u00e1 aqu\u00ed!\"}]},{\"@type\":\"WebSite\",\"@id\":\"https:\/\/itinere.eduvic.coop\/es\/#website\",\"url\":\"https:\/\/itinere.eduvic.coop\/es\/\",\"name\":\"EDUVIC \u00b7 Itinere\",\"description\":\"\",\"publisher\":{\"@id\":\"https:\/\/itinere.eduvic.coop\/es\/#organization\"},\"potentialAction\":[{\"@type\":\"SearchAction\",\"target\":{\"@type\":\"EntryPoint\",\"urlTemplate\":\"https:\/\/itinere.eduvic.coop\/es\/?s={search_term_string}\"},\"query-input\":{\"@type\":\"PropertyValueSpecification\",\"valueRequired\":true,\"valueName\":\"search_term_string\"}}],\"inLanguage\":\"es\"},{\"@type\":\"Organization\",\"@id\":\"https:\/\/itinere.eduvic.coop\/es\/#organization\",\"name\":\"EDUVIC \u00b7 Itinere\",\"url\":\"https:\/\/itinere.eduvic.coop\/es\/\",\"logo\":{\"@type\":\"ImageObject\",\"inLanguage\":\"es\",\"@id\":\"https:\/\/itinere.eduvic.coop\/es\/#\/schema\/logo\/image\/\",\"url\":\"https:\/\/itinere.eduvic.coop\/wp-content\/uploads\/2024\/04\/EDUVIC-ITINERE-2024.png\",\"contentUrl\":\"https:\/\/itinere.eduvic.coop\/wp-content\/uploads\/2024\/04\/EDUVIC-ITINERE-2024.png\",\"width\":5486,\"height\":2647,\"caption\":\"EDUVIC \u00b7 Itinere\"},\"image\":{\"@id\":\"https:\/\/itinere.eduvic.coop\/es\/#\/schema\/logo\/image\/\"},\"sameAs\":[\"https:\/\/www.instagram.com\/eduvic.itinere\/\",\"https:\/\/www.linkedin.com\/company\/82385485\/admin\/feed\/posts\/\"]},{\"@type\":\"Person\",\"@id\":\"https:\/\/itinere.eduvic.coop\/es\/#\/schema\/person\/8dafe1182ae1661da2efe3dcf5fd7dc1\",\"name\":\"Silvia Casas\",\"image\":{\"@type\":\"ImageObject\",\"inLanguage\":\"es\",\"@id\":\"https:\/\/secure.gravatar.com\/avatar\/8e8e70922b3eb0f7b3a82f554836f41cd913c4d7d6d3d803b163e0b17980eefb?s=96&d=mm&r=g\",\"url\":\"https:\/\/secure.gravatar.com\/avatar\/8e8e70922b3eb0f7b3a82f554836f41cd913c4d7d6d3d803b163e0b17980eefb?s=96&d=mm&r=g\",\"contentUrl\":\"https:\/\/secure.gravatar.com\/avatar\/8e8e70922b3eb0f7b3a82f554836f41cd913c4d7d6d3d803b163e0b17980eefb?s=96&d=mm&r=g\",\"caption\":\"Silvia Casas\"}}]}<\/script>\n<!-- \/ Yoast SEO plugin. -->","yoast_head_json":{"title":"\u00a1La segunda edici\u00f3n del libro \"La terapia familiar socioeducativa. Un modelo de terapia sist\u00e9mica\" ya est\u00e1 aqu\u00ed! - EDUVIC \u00b7 Itinere","description":"La terapia familiar socioeducativa ofrece un enfoque sist\u00e9mico e integrador del contexto social y cultural de cada familia.","robots":{"index":"index","follow":"follow","max-snippet":"max-snippet:-1","max-image-preview":"max-image-preview:large","max-video-preview":"max-video-preview:-1"},"canonical":"https:\/\/itinere.eduvic.coop\/es\/segunda-edicion-libro-terapia-familiar-socioeducativa\/","og_locale":"es_ES","og_type":"article","og_title":"\u00a1La segunda edici\u00f3n del libro \"La terapia familiar socioeducativa. Un modelo de terapia sist\u00e9mica\" ya est\u00e1 aqu\u00ed! - EDUVIC \u00b7 Itinere","og_description":"La terapia familiar socioeducativa ofrece un enfoque sist\u00e9mico e integrador del contexto social y cultural de cada familia.","og_url":"https:\/\/itinere.eduvic.coop\/es\/segunda-edicion-libro-terapia-familiar-socioeducativa\/","og_site_name":"EDUVIC \u00b7 Itinere","article_published_time":"2025-03-06T15:29:02+00:00","article_modified_time":"2025-10-06T07:28:38+00:00","og_image":[{"width":1024,"height":724,"url":"https:\/\/itinere.eduvic.coop\/wp-content\/uploads\/2025\/03\/foto-llibre-web-1024x724.png","type":"image\/png"}],"author":"Silvia Casas","twitter_card":"summary_large_image","twitter_misc":{"Escrito por":"Silvia Casas","Tiempo de lectura":"3 minutos"},"schema":{"@context":"https:\/\/schema.org","@graph":[{"@type":"Article","@id":"https:\/\/itinere.eduvic.coop\/es\/segunda-edicion-libro-terapia-familiar-socioeducativa\/#article","isPartOf":{"@id":"https:\/\/itinere.eduvic.coop\/es\/segunda-edicion-libro-terapia-familiar-socioeducativa\/"},"author":{"name":"Silvia Casas","@id":"https:\/\/itinere.eduvic.coop\/es\/#\/schema\/person\/8dafe1182ae1661da2efe3dcf5fd7dc1"},"headline":"\u00a1La segunda edici\u00f3n del libro &#8220;La terapia familiar socioeducativa. Un modelo de terapia sist\u00e9mica&#8221; ya est\u00e1 aqu\u00ed!","datePublished":"2025-03-06T15:29:02+00:00","dateModified":"2025-10-06T07:28:38+00:00","mainEntityOfPage":{"@id":"https:\/\/itinere.eduvic.coop\/es\/segunda-edicion-libro-terapia-familiar-socioeducativa\/"},"wordCount":432,"publisher":{"@id":"https:\/\/itinere.eduvic.coop\/es\/#organization"},"image":{"@id":"https:\/\/itinere.eduvic.coop\/es\/segunda-edicion-libro-terapia-familiar-socioeducativa\/#primaryimage"},"thumbnailUrl":"https:\/\/itinere.eduvic.coop\/wp-content\/uploads\/2025\/03\/foto-llibre-web.png","articleSection":["Noticias","Terapia Familiar"],"inLanguage":"es"},{"@type":"WebPage","@id":"https:\/\/itinere.eduvic.coop\/es\/segunda-edicion-libro-terapia-familiar-socioeducativa\/","url":"https:\/\/itinere.eduvic.coop\/es\/segunda-edicion-libro-terapia-familiar-socioeducativa\/","name":"\u00a1La segunda edici\u00f3n del libro \"La terapia familiar socioeducativa. Un modelo de terapia sist\u00e9mica\" ya est\u00e1 aqu\u00ed! - EDUVIC \u00b7 Itinere","isPartOf":{"@id":"https:\/\/itinere.eduvic.coop\/es\/#website"},"primaryImageOfPage":{"@id":"https:\/\/itinere.eduvic.coop\/es\/segunda-edicion-libro-terapia-familiar-socioeducativa\/#primaryimage"},"image":{"@id":"https:\/\/itinere.eduvic.coop\/es\/segunda-edicion-libro-terapia-familiar-socioeducativa\/#primaryimage"},"thumbnailUrl":"https:\/\/itinere.eduvic.coop\/wp-content\/uploads\/2025\/03\/foto-llibre-web.png","datePublished":"2025-03-06T15:29:02+00:00","dateModified":"2025-10-06T07:28:38+00:00","description":"La terapia familiar socioeducativa ofrece un enfoque sist\u00e9mico e integrador del contexto social y cultural de cada familia.","breadcrumb":{"@id":"https:\/\/itinere.eduvic.coop\/es\/segunda-edicion-libro-terapia-familiar-socioeducativa\/#breadcrumb"},"inLanguage":"es","potentialAction":[{"@type":"ReadAction","target":["https:\/\/itinere.eduvic.coop\/es\/segunda-edicion-libro-terapia-familiar-socioeducativa\/"]}]},{"@type":"ImageObject","inLanguage":"es","@id":"https:\/\/itinere.eduvic.coop\/es\/segunda-edicion-libro-terapia-familiar-socioeducativa\/#primaryimage","url":"https:\/\/itinere.eduvic.coop\/wp-content\/uploads\/2025\/03\/foto-llibre-web.png","contentUrl":"https:\/\/itinere.eduvic.coop\/wp-content\/uploads\/2025\/03\/foto-llibre-web.png","width":2000,"height":1414},{"@type":"BreadcrumbList","@id":"https:\/\/itinere.eduvic.coop\/es\/segunda-edicion-libro-terapia-familiar-socioeducativa\/#breadcrumb","itemListElement":[{"@type":"ListItem","position":1,"name":"Inici","item":"https:\/\/itinere.eduvic.coop\/es\/"},{"@type":"ListItem","position":2,"name":"\u00a1La segunda edici\u00f3n del libro &#8220;La terapia familiar socioeducativa. Un modelo de terapia sist\u00e9mica&#8221; ya est\u00e1 aqu\u00ed!"}]},{"@type":"WebSite","@id":"https:\/\/itinere.eduvic.coop\/es\/#website","url":"https:\/\/itinere.eduvic.coop\/es\/","name":"EDUVIC \u00b7 Itinere","description":"","publisher":{"@id":"https:\/\/itinere.eduvic.coop\/es\/#organization"},"potentialAction":[{"@type":"SearchAction","target":{"@type":"EntryPoint","urlTemplate":"https:\/\/itinere.eduvic.coop\/es\/?s={search_term_string}"},"query-input":{"@type":"PropertyValueSpecification","valueRequired":true,"valueName":"search_term_string"}}],"inLanguage":"es"},{"@type":"Organization","@id":"https:\/\/itinere.eduvic.coop\/es\/#organization","name":"EDUVIC \u00b7 Itinere","url":"https:\/\/itinere.eduvic.coop\/es\/","logo":{"@type":"ImageObject","inLanguage":"es","@id":"https:\/\/itinere.eduvic.coop\/es\/#\/schema\/logo\/image\/","url":"https:\/\/itinere.eduvic.coop\/wp-content\/uploads\/2024\/04\/EDUVIC-ITINERE-2024.png","contentUrl":"https:\/\/itinere.eduvic.coop\/wp-content\/uploads\/2024\/04\/EDUVIC-ITINERE-2024.png","width":5486,"height":2647,"caption":"EDUVIC \u00b7 Itinere"},"image":{"@id":"https:\/\/itinere.eduvic.coop\/es\/#\/schema\/logo\/image\/"},"sameAs":["https:\/\/www.instagram.com\/eduvic.itinere\/","https:\/\/www.linkedin.com\/company\/82385485\/admin\/feed\/posts\/"]},{"@type":"Person","@id":"https:\/\/itinere.eduvic.coop\/es\/#\/schema\/person\/8dafe1182ae1661da2efe3dcf5fd7dc1","name":"Silvia Casas","image":{"@type":"ImageObject","inLanguage":"es","@id":"https:\/\/secure.gravatar.com\/avatar\/8e8e70922b3eb0f7b3a82f554836f41cd913c4d7d6d3d803b163e0b17980eefb?s=96&d=mm&r=g","url":"https:\/\/secure.gravatar.com\/avatar\/8e8e70922b3eb0f7b3a82f554836f41cd913c4d7d6d3d803b163e0b17980eefb?s=96&d=mm&r=g","contentUrl":"https:\/\/secure.gravatar.com\/avatar\/8e8e70922b3eb0f7b3a82f554836f41cd913c4d7d6d3d803b163e0b17980eefb?s=96&d=mm&r=g","caption":"Silvia Casas"}}]}},"_links":{"self":[{"href":"https:\/\/itinere.eduvic.coop\/es\/wp-json\/wp\/v2\/posts\/10474","targetHints":{"allow":["GET"]}}],"collection":[{"href":"https:\/\/itinere.eduvic.coop\/es\/wp-json\/wp\/v2\/posts"}],"about":[{"href":"https:\/\/itinere.eduvic.coop\/es\/wp-json\/wp\/v2\/types\/post"}],"author":[{"embeddable":true,"href":"https:\/\/itinere.eduvic.coop\/es\/wp-json\/wp\/v2\/users\/10"}],"replies":[{"embeddable":true,"href":"https:\/\/itinere.eduvic.coop\/es\/wp-json\/wp\/v2\/comments?post=10474"}],"version-history":[{"count":6,"href":"https:\/\/itinere.eduvic.coop\/es\/wp-json\/wp\/v2\/posts\/10474\/revisions"}],"predecessor-version":[{"id":10949,"href":"https:\/\/itinere.eduvic.coop\/es\/wp-json\/wp\/v2\/posts\/10474\/revisions\/10949"}],"wp:featuredmedia":[{"embeddable":true,"href":"https:\/\/itinere.eduvic.coop\/es\/wp-json\/wp\/v2\/media\/10475"}],"wp:attachment":[{"href":"https:\/\/itinere.eduvic.coop\/es\/wp-json\/wp\/v2\/media?parent=10474"}],"wp:term":[{"taxonomy":"category","embeddable":true,"href":"https:\/\/itinere.eduvic.coop\/es\/wp-json\/wp\/v2\/categories?post=10474"},{"taxonomy":"post_tag","embeddable":true,"href":"https:\/\/itinere.eduvic.coop\/es\/wp-json\/wp\/v2\/tags?post=10474"}],"curies":[{"name":"wp","href":"https:\/\/api.w.org\/{rel}","templated":true}]}}